{"id":27542,"date":"2023-06-07T00:44:53","date_gmt":"2023-06-07T00:44:53","guid":{"rendered":"http:\/\/lahora.mx\/?p=27542"},"modified":"2023-06-07T00:44:54","modified_gmt":"2023-06-07T00:44:54","slug":"de-manera-ilegal-desalojan-la-oficina-del-periodista-marco-aurelio-ramirez-en-tehuacan","status":"publish","type":"post","link":"https:\/\/lahora.mx\/index.php\/2023\/06\/07\/de-manera-ilegal-desalojan-la-oficina-del-periodista-marco-aurelio-ramirez-en-tehuacan\/","title":{"rendered":"De manera ilegal desalojan la oficina del periodista Marco Aurelio Ram\u00edrez en Tehuac\u00e1n"},"content":{"rendered":"\n<p>Debido a aparentes conflictos familiares, se llev\u00f3 a cabo un desalojo de las pertenencias del periodista Marco Aurelio Ram\u00edrez, asesinado en su veh\u00edculo el pasado 23 de mayo. En relaci\u00f3n a este incidente, hay una persona detenida.<\/p>\n\n\n\n<p>Durante la ma\u00f1ana del martes, se inform\u00f3 que estaban desalojando los objetos que se encontraban en las oficinas del periodista Marco Aurelio, ubicadas en la calle 2 Sur e Independencia Poniente en Tehuac\u00e1n.<\/p>\n\n\n\n<p>Seg\u00fan la hija de Ram\u00edrez, esta acci\u00f3n constituye un delito, ya que no se present\u00f3 una orden de cateo. La sobrina de su padre simplemente rompi\u00f3 las ventanas de la oficina y comenz\u00f3 a sacar los archivos de investigaci\u00f3n para dejarlos en la calle.<\/p>\n\n\n\n<p>Desconoce las intenciones de esta persona con respecto a los archivos y el motivo por el cual se llevaron sus pertenencias. El material no se hab\u00eda movido, ya que era necesario para una investigaci\u00f3n por parte de la Fiscal\u00eda General del Estado (FGE). Por lo tanto, se desconoce si se robaron pruebas o si se alter\u00f3 algo.<\/p>\n\n\n\n<p>\u00abLa sobrina de mi padre, llamada Bernarbet y que vive cerca, fue la responsable de este acto. No puedo proporcionar m\u00e1s detalles para no perjudicar los procesos en curso\u00bb, afirm\u00f3.<\/p>\n\n\n\n<p>La hija mencion\u00f3 que solo hay una persona detenida en relaci\u00f3n con este incidente, pero no proporcion\u00f3 m\u00e1s informaci\u00f3n, ya que est\u00e1n a la espera de las decisiones de la FGE.<\/p>\n\n\n\n<p>En caso de ser necesario, tomar\u00e1n acciones legales contra la persona responsable, ya que lo que hizo su familiar constituye un delito.<\/p>\n","protected":false},"excerpt":{"rendered":"<p>Debido a aparentes conflictos familiares, se llev\u00f3 a cabo un desalojo de las pertenencias del periodista Marco Aurelio Ram\u00edrez, asesinado en su veh\u00edculo el pasado 23 de mayo. En relaci\u00f3n a este incidente, hay una persona detenida. Durante la ma\u00f1ana del martes, se inform\u00f3 que estaban desalojando los objetos que se encontraban en las oficinas [&hellip;]<\/p>\n","protected":false},"author":4,"featured_media":27543,"comment_status":"open","ping_status":"open","sticky":false,"template":"","format":"standard","meta":{"om_disable_all_campaigns":false,"_monsterinsights_skip_tracking":false,"_monsterinsights_sitenote_active":false,"_monsterinsights_sitenote_note":"","_monsterinsights_sitenote_category":0,"footnotes":""},"categories":[176],"tags":[223],"class_list":["post-27542","post","type-post","status-publish","format-standard","has-post-thumbnail","hentry","category-nacional","tag-puebla"],"amp_enabled":true,"_links":{"self":[{"href":"https:\/\/lahora.mx\/index.php\/wp-json\/wp\/v2\/posts\/27542","targetHints":{"allow":["GET"]}}],"collection":[{"href":"https:\/\/lahora.mx\/index.php\/wp-json\/wp\/v2\/posts"}],"about":[{"href":"https:\/\/lahora.mx\/index.php\/wp-json\/wp\/v2\/types\/post"}],"author":[{"embeddable":true,"href":"https:\/\/lahora.mx\/index.php\/wp-json\/wp\/v2\/users\/4"}],"replies":[{"embeddable":true,"href":"https:\/\/lahora.mx\/index.php\/wp-json\/wp\/v2\/comments?post=27542"}],"version-history":[{"count":1,"href":"https:\/\/lahora.mx\/index.php\/wp-json\/wp\/v2\/posts\/27542\/revisions"}],"predecessor-version":[{"id":27544,"href":"https:\/\/lahora.mx\/index.php\/wp-json\/wp\/v2\/posts\/27542\/revisions\/27544"}],"wp:featuredmedia":[{"embeddable":true,"href":"https:\/\/lahora.mx\/index.php\/wp-json\/wp\/v2\/media\/27543"}],"wp:attachment":[{"href":"https:\/\/lahora.mx\/index.php\/wp-json\/wp\/v2\/media?parent=27542"}],"wp:term":[{"taxonomy":"category","embeddable":true,"href":"https:\/\/lahora.mx\/index.php\/wp-json\/wp\/v2\/categories?post=27542"},{"taxonomy":"post_tag","embeddable":true,"href":"https:\/\/lahora.mx\/index.php\/wp-json\/wp\/v2\/tags?post=27542"}],"curies":[{"name":"wp","href":"https:\/\/api.w.org\/{rel}","templated":true}]}}