{"id":2748,"date":"2022-02-04T19:40:09","date_gmt":"2022-02-04T19:40:09","guid":{"rendered":"http:\/\/lahora.mx\/?p=2748"},"modified":"2022-02-04T19:40:09","modified_gmt":"2022-02-04T19:40:09","slug":"seis-parrocos-de-la-mixteca-con-covid-19","status":"publish","type":"post","link":"https:\/\/lahora.mx\/index.php\/2022\/02\/04\/seis-parrocos-de-la-mixteca-con-covid-19\/","title":{"rendered":"Seis p\u00e1rrocos de la Mixteca con Covid-19"},"content":{"rendered":"<p>Seis sacerdotes de diferentes parroquias, \u00e1reas de la Di\u00f3cesis y Seminario contagiaron de Covid-19 en los \u00faltimos d\u00edas.<br \/>\nEl encargado de la pastoral de las comunicaciones dijo que ya se encuentra en mejor salud y esta en recuperaci\u00f3n. Los sacerdotes que aun est\u00e1n pasando la enfermedad son: <b>Benigno Guzm\u00e1n p\u00e1rroco de la iglesia de San Pedro Yeloixtlahuaca, Hilario Reyes Vargas<\/b>\u00a0que esta como\u00a0<b>p\u00e1rroco de San Miguel Cotlatepec.<br \/>\n<\/b><\/p>\n<p>Adem\u00e1s de un sacerdote que estaba en la Ciudad de M\u00e9xico estudiando y que es la di\u00f3cesis, as\u00ed como el\u00a0<b>padre Mario Cabrera que es director del Seminario Menor<\/b>; el padre<b>\u00a0Luis Gabriel que es ec\u00f3nomo de la Di\u00f3cesis,<\/b>\u00a0y el r<b>ector del seminario Diocesano, Candido Mor\u00e1n<\/b> que se encuentran en este momento en un estado delicado de salud, por tal raz\u00f3n, el\u00a0<b>Obispo de Huajuapan, Miguel \u00c1ngel Castro Mu\u00f1oz,\u00a0<\/b>inform\u00f3 que se ha solicitado a los p\u00e1rrocos de la Di\u00f3cesis de Huajuapan cancelar las fiestas profanas, sin embargo, las misas s\u00ed se pueden celebrar, pero con el 50 por ciento de aforo.Dijo que el obispo pidi\u00f3 a los padres cancelar las actividades que conllevan a la reuni\u00f3n de muchas personas, ya que tambi\u00e9n es responsabilidad de ellos cuidar a los feligreses y a su propia persona<\/p>\n<p><b>\u00a0<\/b><\/p>\n","protected":false},"excerpt":{"rendered":"<p>Seis sacerdotes de diferentes parroquias, \u00e1reas de la Di\u00f3cesis y Seminario contagiaron de Covid-19 en los \u00faltimos d\u00edas. El encargado de la pastoral de las comunicaciones dijo que ya se encuentra en mejor salud y esta en recuperaci\u00f3n. Los sacerdotes que aun est\u00e1n pasando la enfermedad son: Benigno Guzm\u00e1n p\u00e1rroco de la iglesia de San [&hellip;]<\/p>\n","protected":false},"author":4,"featured_media":2749,"comment_status":"open","ping_status":"open","sticky":false,"template":"","format":"standard","meta":{"om_disable_all_campaigns":false,"_monsterinsights_skip_tracking":false,"_monsterinsights_sitenote_active":false,"_monsterinsights_sitenote_note":"","_monsterinsights_sitenote_category":0,"footnotes":""},"categories":[175],"tags":[],"class_list":["post-2748","post","type-post","status-publish","format-standard","has-post-thumbnail","hentry","category-local"],"amp_enabled":true,"_links":{"self":[{"href":"https:\/\/lahora.mx\/index.php\/wp-json\/wp\/v2\/posts\/2748","targetHints":{"allow":["GET"]}}],"collection":[{"href":"https:\/\/lahora.mx\/index.php\/wp-json\/wp\/v2\/posts"}],"about":[{"href":"https:\/\/lahora.mx\/index.php\/wp-json\/wp\/v2\/types\/post"}],"author":[{"embeddable":true,"href":"https:\/\/lahora.mx\/index.php\/wp-json\/wp\/v2\/users\/4"}],"replies":[{"embeddable":true,"href":"https:\/\/lahora.mx\/index.php\/wp-json\/wp\/v2\/comments?post=2748"}],"version-history":[{"count":1,"href":"https:\/\/lahora.mx\/index.php\/wp-json\/wp\/v2\/posts\/2748\/revisions"}],"predecessor-version":[{"id":2750,"href":"https:\/\/lahora.mx\/index.php\/wp-json\/wp\/v2\/posts\/2748\/revisions\/2750"}],"wp:featuredmedia":[{"embeddable":true,"href":"https:\/\/lahora.mx\/index.php\/wp-json\/wp\/v2\/media\/2749"}],"wp:attachment":[{"href":"https:\/\/lahora.mx\/index.php\/wp-json\/wp\/v2\/media?parent=2748"}],"wp:term":[{"taxonomy":"category","embeddable":true,"href":"https:\/\/lahora.mx\/index.php\/wp-json\/wp\/v2\/categories?post=2748"},{"taxonomy":"post_tag","embeddable":true,"href":"https:\/\/lahora.mx\/index.php\/wp-json\/wp\/v2\/tags?post=2748"}],"curies":[{"name":"wp","href":"https:\/\/api.w.org\/{rel}","templated":true}]}}