{"id":27442,"date":"2023-06-05T22:42:39","date_gmt":"2023-06-05T22:42:39","guid":{"rendered":"http:\/\/lahora.mx\/?p=27442"},"modified":"2023-06-05T22:42:39","modified_gmt":"2023-06-05T22:42:39","slug":"alejandro-armenta-llama-a-la-unidad-para-evitar-una-derrota","status":"publish","type":"post","link":"https:\/\/lahora.mx\/index.php\/2023\/06\/05\/alejandro-armenta-llama-a-la-unidad-para-evitar-una-derrota\/","title":{"rendered":"Alejandro Armenta llama a la unidad para evitar una derrota"},"content":{"rendered":"\n<p class=\"wp-block-paragraph\">El senador morenista Alejandro Armenta Mier llam\u00f3 a los militantes y simpatizantes de Morena a analizar de forma objetiva los resultados obtenidos en la jornada electoral del domingo, a fin de establecer las mejores estrategias pol\u00edticas para la elecci\u00f3n presidencial y a la gubernatura de Puebla de cara al 2024, ya que \u201cla unidad, la suma de voluntades a favor de un proyecto \u00fanico\u201d, determin\u00f3 la victoria en el Estado de M\u00e9xico, contrario a lo sucedido en Coahuila.<\/p>\n\n\n\n<p class=\"wp-block-paragraph\">En rueda de prensa, se\u00f1al\u00f3 que \u201cla lecci\u00f3n m\u00e1s importante\u201d que deben considerar los aspirantes a alg\u00fan cargo de elecci\u00f3n popular, en especial los que van por la Presidencia y la sucesi\u00f3n de Casa Aguayo, \u201ces la unidad\u201d.<br>Detall\u00f3 que las fracturas que hubo en Coahuila entre Morena, el Partido del Trabajo (PT) y el Partido Verde Ecologista de M\u00e9xico (PVEM), integrantes de la coalici\u00f3n Juntos Hacemos Historia, fueron una de las causas por las que la alianza Va por M\u00e9xico gan\u00f3 en dicho estado, con su abanderado Manolo Jim\u00e9nez Salinas.<\/p>\n\n\n\n<p class=\"wp-block-paragraph\">Por el contrario, dijo que la victoria de la morenista Delfina G\u00f3mez \u00c1lvarez, en el Estado de M\u00e9xico, se debi\u00f3 a la \u201csuma de voluntades a favor de un proyecto \u00fanico\u201d, algo que deber\u00eda replicarse en la elecci\u00f3n presidencial y las nueve gubernaturas que estar\u00e1n en juego en el 2024.<br>En ese sentido, les pidi\u00f3 a los liderazgos de Morena mejorar las estrategias de fortalecimiento interno; asimismo, llam\u00f3 a la militancia, simpatizantes y equipos de trabajo de los interesados en competir a cerrar filas a favor de quienes sean elegidos como candidatos.<\/p>\n\n\n\n<p class=\"wp-block-paragraph\">\u201cLa unidad nos va a permitir ganar, queremos seguir la ruta del Estado de M\u00e9xico, no la de Coahuila. Si Sheinbaum obtiene la candidatura, debe sumar a los otros, si Marcelo Ebrard gana, debe sumar a los otros, si Ad\u00e1n Augusto gana, debe sumar a los otros, si Ricardo Monreal o Noro\u00f1a ganan, deben sumar a los otros\u201d, asegur\u00f3 el legislador.<\/p>\n\n\n\n<p class=\"wp-block-paragraph\">En un tema similar, se\u00f1al\u00f3 que \u00e9l lleva buena relaci\u00f3n con todos los que han alzado la mano para continuar el proyecto del presidente Andr\u00e9s Manuel L\u00f3pez Obrador, y que, a diferencia de otros aspirantes a la gubernatura de Puebla, \u00e9l no har\u00e1 eventos masivos para demostrar su apoyo a alg\u00fan perfil en particular.<\/p>\n\n\n\n<p class=\"wp-block-paragraph\">Tambi\u00e9n dijo que \u00e9l mantendr\u00e1 una postura neutral y de colaboraci\u00f3n con todos los que levanten la mano y quieran participar en la pr\u00f3xima elecci\u00f3n, pero insinu\u00f3 que \u00e9l ser\u00e1 favorecido en la encuesta interna de Morena y ser\u00e1 el candidato para competir por la gubernatura del estado, por lo que no ha considerado un Plan B, como buscar su reelecci\u00f3n en el Senado. No obstante, Alejandro Armenta llama a la unidad para evitar una derrota como en Coahuila.<\/p>\n","protected":false},"excerpt":{"rendered":"<p>El senador morenista Alejandro Armenta Mier llam\u00f3 a los militantes y simpatizantes de Morena a analizar de forma objetiva los resultados obtenidos en la jornada electoral del domingo, a fin de establecer las mejores estrategias pol\u00edticas para la elecci\u00f3n presidencial y a la gubernatura de Puebla de cara al 2024, ya que \u201cla unidad, la [&hellip;]<\/p>\n","protected":false},"author":4,"featured_media":27443,"comment_status":"open","ping_status":"open","sticky":false,"template":"","format":"standard","meta":{"om_disable_all_campaigns":false,"_monsterinsights_skip_tracking":false,"footnotes":""},"categories":[175],"tags":[223],"class_list":["post-27442","post","type-post","status-publish","format-standard","has-post-thumbnail","hentry","category-local","tag-puebla"],"amp_enabled":true,"_links":{"self":[{"href":"https:\/\/lahora.mx\/index.php\/wp-json\/wp\/v2\/posts\/27442","targetHints":{"allow":["GET"]}}],"collection":[{"href":"https:\/\/lahora.mx\/index.php\/wp-json\/wp\/v2\/posts"}],"about":[{"href":"https:\/\/lahora.mx\/index.php\/wp-json\/wp\/v2\/types\/post"}],"author":[{"embeddable":true,"href":"https:\/\/lahora.mx\/index.php\/wp-json\/wp\/v2\/users\/4"}],"replies":[{"embeddable":true,"href":"https:\/\/lahora.mx\/index.php\/wp-json\/wp\/v2\/comments?post=27442"}],"version-history":[{"count":1,"href":"https:\/\/lahora.mx\/index.php\/wp-json\/wp\/v2\/posts\/27442\/revisions"}],"predecessor-version":[{"id":27444,"href":"https:\/\/lahora.mx\/index.php\/wp-json\/wp\/v2\/posts\/27442\/revisions\/27444"}],"wp:featuredmedia":[{"embeddable":true,"href":"https:\/\/lahora.mx\/index.php\/wp-json\/wp\/v2\/media\/27443"}],"wp:attachment":[{"href":"https:\/\/lahora.mx\/index.php\/wp-json\/wp\/v2\/media?parent=27442"}],"wp:term":[{"taxonomy":"category","embeddable":true,"href":"https:\/\/lahora.mx\/index.php\/wp-json\/wp\/v2\/categories?post=27442"},{"taxonomy":"post_tag","embeddable":true,"href":"https:\/\/lahora.mx\/index.php\/wp-json\/wp\/v2\/tags?post=27442"}],"curies":[{"name":"wp","href":"https:\/\/api.w.org\/{rel}","templated":true}]}}