{"id":27363,"date":"2023-06-02T16:40:53","date_gmt":"2023-06-02T16:40:53","guid":{"rendered":"http:\/\/lahora.mx\/?p=27363"},"modified":"2023-06-02T16:40:53","modified_gmt":"2023-06-02T16:40:53","slug":"puebla-va-por-record-guinness-del-quesillo-mas-grande-del-mundo","status":"publish","type":"post","link":"https:\/\/lahora.mx\/index.php\/2023\/06\/02\/puebla-va-por-record-guinness-del-quesillo-mas-grande-del-mundo\/","title":{"rendered":"Puebla va por r\u00e9cord Guinness del quesillo m\u00e1s grande del mundo"},"content":{"rendered":"\n<p class=\"wp-block-paragraph\">La Feria del Queso y la Miel en el municipio de Libres, Puebla, buscar\u00e1 ser la sede para romper el r\u00e9cord Guinness del quesillo m\u00e1s grande del mundo, as\u00ed lo anunci\u00f3 el presidente municipal Armando Ruiz Sol\u00eds.<\/p>\n\n\n\n<p class=\"wp-block-paragraph\">En la presentaci\u00f3n de la Feria del Queso y la Miel de este a\u00f1o, fiesta patronal de Libres en honor a San Juan Bautista, se anunci\u00f3 que este r\u00e9cord es uno de los m\u00e1s importantes que tendr\u00e1n:<\/p>\n\n\n\n<p class=\"wp-block-paragraph\">\u201cUno de los eventos m\u00e1s fuertes que vamos a tener en esta Feria 2023 del Queso y la Miel es el camino al R\u00e9cord Guinness del queso de hebra m\u00e1s grande del mundo, vienen jueces de Estados Unidos\u201d, dijo el alcalde de Libres.<br>Actualmente, el t\u00edtulo del queso de hebra m\u00e1s grande a nivel mundial lo ostenta el municipio de Carmen en Campeche con un quesillo de 400 kilogramos, por lo que el de Libres, Puebla, debe superar dicho peso.<\/p>\n\n\n\n<p class=\"wp-block-paragraph\">La Feria de Queso y la Miel 2023 se llevar\u00e1 a cabo del 16 de junio al 1 de julio, la cual adem\u00e1s de mostrar el r\u00e9cord Guinnes del quesillo m\u00e1s grande del mundo, buscar\u00e1 dar conocer otros productos l\u00e1cteos, dado que el municipio produce hasta 70 mil litros de leche diarios.<\/p>\n","protected":false},"excerpt":{"rendered":"<p>La Feria del Queso y la Miel en el municipio de Libres, Puebla, buscar\u00e1 ser la sede para romper el r\u00e9cord Guinness del quesillo m\u00e1s grande del mundo, as\u00ed lo anunci\u00f3 el presidente municipal Armando Ruiz Sol\u00eds. En la presentaci\u00f3n de la Feria del Queso y la Miel de este a\u00f1o, fiesta patronal de Libres [&hellip;]<\/p>\n","protected":false},"author":4,"featured_media":27364,"comment_status":"open","ping_status":"open","sticky":false,"template":"","format":"standard","meta":{"om_disable_all_campaigns":false,"_monsterinsights_skip_tracking":false,"footnotes":""},"categories":[3],"tags":[195,223],"class_list":["post-27363","post","type-post","status-publish","format-standard","has-post-thumbnail","hentry","category-entretenimiento","tag-principal","tag-puebla"],"amp_enabled":true,"_links":{"self":[{"href":"https:\/\/lahora.mx\/index.php\/wp-json\/wp\/v2\/posts\/27363","targetHints":{"allow":["GET"]}}],"collection":[{"href":"https:\/\/lahora.mx\/index.php\/wp-json\/wp\/v2\/posts"}],"about":[{"href":"https:\/\/lahora.mx\/index.php\/wp-json\/wp\/v2\/types\/post"}],"author":[{"embeddable":true,"href":"https:\/\/lahora.mx\/index.php\/wp-json\/wp\/v2\/users\/4"}],"replies":[{"embeddable":true,"href":"https:\/\/lahora.mx\/index.php\/wp-json\/wp\/v2\/comments?post=27363"}],"version-history":[{"count":1,"href":"https:\/\/lahora.mx\/index.php\/wp-json\/wp\/v2\/posts\/27363\/revisions"}],"predecessor-version":[{"id":27365,"href":"https:\/\/lahora.mx\/index.php\/wp-json\/wp\/v2\/posts\/27363\/revisions\/27365"}],"wp:featuredmedia":[{"embeddable":true,"href":"https:\/\/lahora.mx\/index.php\/wp-json\/wp\/v2\/media\/27364"}],"wp:attachment":[{"href":"https:\/\/lahora.mx\/index.php\/wp-json\/wp\/v2\/media?parent=27363"}],"wp:term":[{"taxonomy":"category","embeddable":true,"href":"https:\/\/lahora.mx\/index.php\/wp-json\/wp\/v2\/categories?post=27363"},{"taxonomy":"post_tag","embeddable":true,"href":"https:\/\/lahora.mx\/index.php\/wp-json\/wp\/v2\/tags?post=27363"}],"curies":[{"name":"wp","href":"https:\/\/api.w.org\/{rel}","templated":true}]}}