{"id":27331,"date":"2023-06-01T23:58:29","date_gmt":"2023-06-01T23:58:29","guid":{"rendered":"http:\/\/lahora.mx\/?p=27331"},"modified":"2023-06-01T23:58:30","modified_gmt":"2023-06-01T23:58:30","slug":"miles-de-poblanos-se-suman-al-paro-en-florida","status":"publish","type":"post","link":"https:\/\/lahora.mx\/index.php\/2023\/06\/01\/miles-de-poblanos-se-suman-al-paro-en-florida\/","title":{"rendered":"Miles de poblanos se suman al paro en Florida"},"content":{"rendered":"\n<p>Al menos 2 mil mixtecos de Puebla y Oaxaca radicados en Florida, Estados Unidos, se sumaron al paro Un d\u00eda sin migrantes que se efectu\u00f3 en dicho estado con la pr\u00f3xima entrada en vigor de la Ley SB1718, que deja sin servicios \u2014como el m\u00e9dico o de transporte\u2014 a este sector productivo, en particular el agr\u00edcola.<br><br>Jos\u00e9 Pl\u00e1cido Jim\u00e9nez Amig\u00f3n, dirigente de la Coalici\u00f3n Internacional de Mexicanos en el Exterior (CIME), asentado en el municipio de Acatl\u00e1n de Osorio, se\u00f1al\u00f3 que la suspensi\u00f3n de actividades es para presionar a las autoridades de Florida para no afectar a la comunidad migrante.<\/p>\n\n\n\n<p>En la regi\u00f3n de Miami es com\u00fan encontrar a poblanos salidos de regiones como Tehuitzingo, Tulcingo de Valle, Chila de las Flores y Petlalcingo en los campos de naranja, mandarina y lim\u00f3n.<\/p>\n\n\n\n<p>La convocatoria estableci\u00f3 un paro de labores desde la ma\u00f1ana del jueves en Florida, pero se habr\u00edan sumado varias organizaciones en diferentes puntos de la Uni\u00f3n Americana.<\/p>\n\n\n\n<p><br>Con la aplicaci\u00f3n de la Ley SB1718 a partir del 1 de julio el gobierno de Florida deja desprotegidos a los inmigrantes en derechos b\u00e1sicos e indispensables, como el acceso a la salud y al transporte.<\/p>\n\n\n\n<p>Tambi\u00e9n aumenta las multas por emplear a inmigrantes indocumentados, castiga con mayor severidad a los reincidentes en la contrataci\u00f3n ilegal e impone severas penas de c\u00e1rcel a extranjeros que utilicen documentaci\u00f3n falsa; ante esta situaci\u00f3n migrantes latinos y organizaciones civiles se sumaron al paro Un d\u00eda sin migrantes.<\/p>\n","protected":false},"excerpt":{"rendered":"<p>Al menos 2 mil mixtecos de Puebla y Oaxaca radicados en Florida, Estados Unidos, se sumaron al paro Un d\u00eda sin migrantes que se efectu\u00f3 en dicho estado con la pr\u00f3xima entrada en vigor de la Ley SB1718, que deja sin servicios \u2014como el m\u00e9dico o de transporte\u2014 a este sector productivo, en particular el [&hellip;]<\/p>\n","protected":false},"author":4,"featured_media":27332,"comment_status":"open","ping_status":"open","sticky":false,"template":"","format":"standard","meta":{"om_disable_all_campaigns":false,"_monsterinsights_skip_tracking":false,"_monsterinsights_sitenote_active":false,"_monsterinsights_sitenote_note":"","_monsterinsights_sitenote_category":0,"footnotes":""},"categories":[183],"tags":[195],"class_list":["post-27331","post","type-post","status-publish","format-standard","has-post-thumbnail","hentry","category-internacional","tag-principal"],"amp_enabled":true,"_links":{"self":[{"href":"https:\/\/lahora.mx\/index.php\/wp-json\/wp\/v2\/posts\/27331","targetHints":{"allow":["GET"]}}],"collection":[{"href":"https:\/\/lahora.mx\/index.php\/wp-json\/wp\/v2\/posts"}],"about":[{"href":"https:\/\/lahora.mx\/index.php\/wp-json\/wp\/v2\/types\/post"}],"author":[{"embeddable":true,"href":"https:\/\/lahora.mx\/index.php\/wp-json\/wp\/v2\/users\/4"}],"replies":[{"embeddable":true,"href":"https:\/\/lahora.mx\/index.php\/wp-json\/wp\/v2\/comments?post=27331"}],"version-history":[{"count":1,"href":"https:\/\/lahora.mx\/index.php\/wp-json\/wp\/v2\/posts\/27331\/revisions"}],"predecessor-version":[{"id":27333,"href":"https:\/\/lahora.mx\/index.php\/wp-json\/wp\/v2\/posts\/27331\/revisions\/27333"}],"wp:featuredmedia":[{"embeddable":true,"href":"https:\/\/lahora.mx\/index.php\/wp-json\/wp\/v2\/media\/27332"}],"wp:attachment":[{"href":"https:\/\/lahora.mx\/index.php\/wp-json\/wp\/v2\/media?parent=27331"}],"wp:term":[{"taxonomy":"category","embeddable":true,"href":"https:\/\/lahora.mx\/index.php\/wp-json\/wp\/v2\/categories?post=27331"},{"taxonomy":"post_tag","embeddable":true,"href":"https:\/\/lahora.mx\/index.php\/wp-json\/wp\/v2\/tags?post=27331"}],"curies":[{"name":"wp","href":"https:\/\/api.w.org\/{rel}","templated":true}]}}