{"id":27304,"date":"2023-06-01T02:48:40","date_gmt":"2023-06-01T02:48:40","guid":{"rendered":"http:\/\/lahora.mx\/?p=27304"},"modified":"2023-06-01T02:48:40","modified_gmt":"2023-06-01T02:48:40","slug":"mayoria-de-morena-rechaza-convocar-a-extraordinario-para-nombramientos-del-inai","status":"publish","type":"post","link":"https:\/\/lahora.mx\/index.php\/2023\/06\/01\/mayoria-de-morena-rechaza-convocar-a-extraordinario-para-nombramientos-del-inai\/","title":{"rendered":"Mayor\u00eda de Morena rechaza convocar a extraordinario para nombramientos del Inai"},"content":{"rendered":"\n<p class=\"wp-block-paragraph\">Tras acalorado debate, el Pleno de la Comisi\u00f3n Permanente rechaz\u00f3 convocar a un periodo extraordinario de sesiones en el Senado de la Rep\u00fablica el 8 de junio, a fin de someter a discusi\u00f3n y votaci\u00f3n el nombramiento de dos de los tres comisionados del Instituto Nacional de Transparencia, Acceso a la Informaci\u00f3n y Protecci\u00f3n de Datos Personales (InaiI).<\/p>\n\n\n\n<p class=\"wp-block-paragraph\"><br>Con 16 votos a favor y 20 en contra, la mayor\u00eda de Morena y sus aliados negaron considerar de urgente y obvia resoluci\u00f3n el proyecto para abrir el periodo extraordinario que hab\u00eda acordado la Junta de Coordinaci\u00f3n Pol\u00edtica del Senado, en acatamiento a una orden judicial. \u201cNo vamos a permitir que nos truene el dedo un juez\u201d, advirtieron.<\/p>\n\n\n\n<p class=\"wp-block-paragraph\">Los legisladores del bloque oficialista advirtieron que el Congreso de la Uni\u00f3n no tiene por qu\u00e9 someterse a decisiones judiciales que invaden sus esferas y facultades, adem\u00e1s de se\u00f1alar que tan urgente es designar a los comisionados del INAI como hacer los cerca de 100 nombramientos pendientes en tribunales electorales, agrarios y del Consejo de la Judicatura.<\/p>\n\n\n\n<p class=\"wp-block-paragraph\">En tribuna, el diputado del Partido del Trabajo, Gerardo Fern\u00e1ndez Noro\u00f1a, denunci\u00f3 al Poder Judicial por intromisi\u00f3n majadera en asuntos exclusivos del Poder Legislativo. \u201cSolo falta que nos diga el sentido de nuestro voto\u201d, reclam\u00f3.<\/p>\n\n\n\n<p class=\"wp-block-paragraph\">\u201cAcuso a la ministra presidente (de la Suprema Corte de Justicia) Norma Pi\u00f1a de facciosa y de estar en una actitud golpista contra el gobierno de la Rep\u00fablica y de poner en riesgo la estabilidad del Estado mexicano y del estado de derecho\u201d, expres\u00f3.<\/p>\n\n\n\n<p class=\"wp-block-paragraph\">La vicecoordinadora del PAN en el Senado, Kenia Lopez Rabad\u00e1n, afirm\u00f3 que si hay 100 nombramientos rezagados es por culpa de Morena, cuyos legisladores no se han puesto de acuerdo, como en el caso del INAI.<\/p>\n\n\n\n<p class=\"wp-block-paragraph\">\u201cYa sabemos qu\u00e9 quiere L\u00f3pez Obrador, pues lo vino a decir aqu\u00ed el coordinador de los diputados federales y coordinador de los senadores, que por cierto, todos sabemos que se llama Ad\u00e1n Augusto L\u00f3pez. Dijo aqu\u00ed su coordinador legislativo que en el mundo ideal de L\u00f3pez Obrador, el INAI no debe existir\u201d.<\/p>\n\n\n\n<p class=\"wp-block-paragraph\">El vocero del grupo parlamentario de Morena, C\u00e9sar Cravioto, advirti\u00f3 que la mayor\u00eda legislativa no acepta presiones ni injerencias indebidas del Poder Judicial.<\/p>\n\n\n\n<p class=\"wp-block-paragraph\">\u201cF\u00edjense lo que les digo, por supuesto que la mayor\u00eda que nos dio el pueblo de M\u00e9xico no vamos a aceptar que nos truene el dedo un juez. \u00bfQuieren trabajar? saquemos los 100 nombramientos, los 100 nombramientos, entre ellos m\u00e1s de 50 magistrados de tribunales electorales. Saquemos los 100 nombramientos y adelante. Uno no, uno no, 100 s\u00ed\u201d, propuso.<br>El senador morenista plante\u00f3 emular a la C\u00e1mara de Diputados, y tal como lo hizo en el caso del INE, que el Senado insacule los mejores perfiles y saque adelante los 100 nombramientos.<\/p>\n\n\n\n<p class=\"wp-block-paragraph\">El proyecto fue tornado a la primera comisi\u00f3n de la Permanente para su tr\u00e1mite legislativo.<\/p>\n\n\n\n<p class=\"wp-block-paragraph\">Aunque es muy probable que en comisiones sea rechazado el dictamen, de esta mentara se dio cumplimiento a la resoluci\u00f3n del Juzgado D\u00e9cimo de Distrito en Materia Administrativa que dio al Senado 72 horas para nombrar a los comisionados del INAI.<\/p>\n","protected":false},"excerpt":{"rendered":"<p>Tras acalorado debate, el Pleno de la Comisi\u00f3n Permanente rechaz\u00f3 convocar a un periodo extraordinario de sesiones en el Senado de la Rep\u00fablica el 8 de junio, a fin de someter a discusi\u00f3n y votaci\u00f3n el nombramiento de dos de los tres comisionados del Instituto Nacional de Transparencia, Acceso a la Informaci\u00f3n y Protecci\u00f3n de [&hellip;]<\/p>\n","protected":false},"author":4,"featured_media":27305,"comment_status":"open","ping_status":"open","sticky":false,"template":"","format":"standard","meta":{"om_disable_all_campaigns":false,"_monsterinsights_skip_tracking":false,"footnotes":""},"categories":[176],"tags":[],"class_list":["post-27304","post","type-post","status-publish","format-standard","has-post-thumbnail","hentry","category-nacional"],"amp_enabled":true,"_links":{"self":[{"href":"https:\/\/lahora.mx\/index.php\/wp-json\/wp\/v2\/posts\/27304","targetHints":{"allow":["GET"]}}],"collection":[{"href":"https:\/\/lahora.mx\/index.php\/wp-json\/wp\/v2\/posts"}],"about":[{"href":"https:\/\/lahora.mx\/index.php\/wp-json\/wp\/v2\/types\/post"}],"author":[{"embeddable":true,"href":"https:\/\/lahora.mx\/index.php\/wp-json\/wp\/v2\/users\/4"}],"replies":[{"embeddable":true,"href":"https:\/\/lahora.mx\/index.php\/wp-json\/wp\/v2\/comments?post=27304"}],"version-history":[{"count":1,"href":"https:\/\/lahora.mx\/index.php\/wp-json\/wp\/v2\/posts\/27304\/revisions"}],"predecessor-version":[{"id":27306,"href":"https:\/\/lahora.mx\/index.php\/wp-json\/wp\/v2\/posts\/27304\/revisions\/27306"}],"wp:featuredmedia":[{"embeddable":true,"href":"https:\/\/lahora.mx\/index.php\/wp-json\/wp\/v2\/media\/27305"}],"wp:attachment":[{"href":"https:\/\/lahora.mx\/index.php\/wp-json\/wp\/v2\/media?parent=27304"}],"wp:term":[{"taxonomy":"category","embeddable":true,"href":"https:\/\/lahora.mx\/index.php\/wp-json\/wp\/v2\/categories?post=27304"},{"taxonomy":"post_tag","embeddable":true,"href":"https:\/\/lahora.mx\/index.php\/wp-json\/wp\/v2\/tags?post=27304"}],"curies":[{"name":"wp","href":"https:\/\/api.w.org\/{rel}","templated":true}]}}