{"id":27270,"date":"2023-05-31T17:50:57","date_gmt":"2023-05-31T17:50:57","guid":{"rendered":"http:\/\/lahora.mx\/?p=27270"},"modified":"2023-05-31T17:50:57","modified_gmt":"2023-05-31T17:50:57","slug":"lleva-ayuntamiento-de-puebla-maraton-de-servicios-y-limpia-a-diagonal-defensores-de-la-republica","status":"publish","type":"post","link":"https:\/\/lahora.mx\/index.php\/2023\/05\/31\/lleva-ayuntamiento-de-puebla-maraton-de-servicios-y-limpia-a-diagonal-defensores-de-la-republica\/","title":{"rendered":"Lleva ayuntamiento de Puebla marat\u00f3n de servicios y limpia a diagonal defensores de la rep\u00fablica"},"content":{"rendered":"\n<p class=\"wp-block-paragraph\">Las principales calles de Puebla capital se mantienen \u2018de 10\u2019 con el \u201cMarat\u00f3n de Servicios P\u00fablicos y del Organismo Operador de Limpia\u201d; un nuevo programa de mantenimiento y recolecci\u00f3n de residuos que el Gobierno Municipal \u2013presidido por Eduardo Rivera P\u00e9rez\u2014ha creado para atender hasta 252 kil\u00f3metros de vialidades por semana.<\/p>\n\n\n\n<p class=\"wp-block-paragraph\">Es por ello que, desde Diagonal Defensores de la Rep\u00fablica, Ad\u00e1n Dom\u00ednguez S\u00e1nchez, Gerente Municipal, encabez\u00f3 las labores de barrido, chapeo, poda, reparaci\u00f3n de mobiliario urbano y de luminarias que se realizar\u00e1n en el tramo del bulevar 18 de Noviembre a la Prolongaci\u00f3n Reforma, por lo que pidi\u00f3 a la comunidad de la colonia Maestro Federal a \u201cayudarnos a dejar la ciudad de 10; m\u00e1s chula, reportando sus desechos como llantas, refrigeradores, sillones al 22 25 73 92 73 o a trav\u00e9s del chat con \u00c1ngela\u201d, agreg\u00f3.<\/p>\n\n\n\n<p class=\"wp-block-paragraph\">Este tipo de intervenciones se realizan desde marzo del a\u00f1o en curso, donde se recorren rutas distintas de hasta 42 kil\u00f3metros cada una para mantener a Puebla con calles m\u00e1s limpias y mejores servicios p\u00fablicos; as\u00ed ya se han intervenido cuatro mil 158 kil\u00f3metros, recolectando 124 toneladas de basura, as\u00ed como 201 metros c\u00fabicos de desecho vegetal y se han podado 75 mil metros cuadrados de \u00e1reas verdes.<\/p>\n\n\n\n<p class=\"wp-block-paragraph\">Tambi\u00e9n encabez\u00f3 este Marat\u00f3n Felipe Vel\u00e1zquez Guti\u00e9rrez, Secretario de Gesti\u00f3n y Desarrollo Urbano; Roberto Salgado Carrillo, Coordinador General del Organismo Operador del Servicio de Limpia; Enrique Guevara Montiel, Director de Normatividad y Regulaci\u00f3n Comercial; Eduardo Vergara L\u00f3pez, Director de Calles, Parques y Jardines de la Secretar\u00eda de Servicios P\u00fablicos; as\u00ed como Alma Estefany Aguilar, Jefa de la Polic\u00eda Municipal Zona 10.<\/p>\n","protected":false},"excerpt":{"rendered":"<p>Las principales calles de Puebla capital se mantienen \u2018de 10\u2019 con el \u201cMarat\u00f3n de Servicios P\u00fablicos y del Organismo Operador de Limpia\u201d; un nuevo programa de mantenimiento y recolecci\u00f3n de residuos que el Gobierno Municipal \u2013presidido por Eduardo Rivera P\u00e9rez\u2014ha creado para atender hasta 252 kil\u00f3metros de vialidades por semana. Es por ello que, desde [&hellip;]<\/p>\n","protected":false},"author":4,"featured_media":27271,"comment_status":"open","ping_status":"open","sticky":false,"template":"","format":"standard","meta":{"om_disable_all_campaigns":false,"_monsterinsights_skip_tracking":false,"_monsterinsights_sitenote_active":false,"_monsterinsights_sitenote_note":"","_monsterinsights_sitenote_category":0,"footnotes":""},"categories":[175],"tags":[223],"class_list":["post-27270","post","type-post","status-publish","format-standard","has-post-thumbnail","hentry","category-local","tag-puebla"],"amp_enabled":true,"_links":{"self":[{"href":"https:\/\/lahora.mx\/index.php\/wp-json\/wp\/v2\/posts\/27270","targetHints":{"allow":["GET"]}}],"collection":[{"href":"https:\/\/lahora.mx\/index.php\/wp-json\/wp\/v2\/posts"}],"about":[{"href":"https:\/\/lahora.mx\/index.php\/wp-json\/wp\/v2\/types\/post"}],"author":[{"embeddable":true,"href":"https:\/\/lahora.mx\/index.php\/wp-json\/wp\/v2\/users\/4"}],"replies":[{"embeddable":true,"href":"https:\/\/lahora.mx\/index.php\/wp-json\/wp\/v2\/comments?post=27270"}],"version-history":[{"count":1,"href":"https:\/\/lahora.mx\/index.php\/wp-json\/wp\/v2\/posts\/27270\/revisions"}],"predecessor-version":[{"id":27272,"href":"https:\/\/lahora.mx\/index.php\/wp-json\/wp\/v2\/posts\/27270\/revisions\/27272"}],"wp:featuredmedia":[{"embeddable":true,"href":"https:\/\/lahora.mx\/index.php\/wp-json\/wp\/v2\/media\/27271"}],"wp:attachment":[{"href":"https:\/\/lahora.mx\/index.php\/wp-json\/wp\/v2\/media?parent=27270"}],"wp:term":[{"taxonomy":"category","embeddable":true,"href":"https:\/\/lahora.mx\/index.php\/wp-json\/wp\/v2\/categories?post=27270"},{"taxonomy":"post_tag","embeddable":true,"href":"https:\/\/lahora.mx\/index.php\/wp-json\/wp\/v2\/tags?post=27270"}],"curies":[{"name":"wp","href":"https:\/\/api.w.org\/{rel}","templated":true}]}}