{"id":27153,"date":"2023-05-29T17:45:43","date_gmt":"2023-05-29T17:45:43","guid":{"rendered":"http:\/\/lahora.mx\/?p=27153"},"modified":"2023-05-29T17:45:43","modified_gmt":"2023-05-29T17:45:43","slug":"amlo-cobra-pension-de-adulto-mayor-menciona-que-ya-esta-en-la-edad-de","status":"publish","type":"post","link":"https:\/\/lahora.mx\/index.php\/2023\/05\/29\/amlo-cobra-pension-de-adulto-mayor-menciona-que-ya-esta-en-la-edad-de\/","title":{"rendered":"AMLO cobra pensi\u00f3n de adulto mayor, menciona que ya esta en la edad de."},"content":{"rendered":"\n<p>El presidente Andr\u00e9s Manuel L\u00f3pez Obrador confirm\u00f3 que ya recibe la pensi\u00f3n de adulto mayor, porque ya le corresponde, dijo.<\/p>\n\n\n\n<p>\u201cDi a conocer que ya recibo la tarjeta de adulto mayor y es cierto. La recibo porque ya me corresponde\u201d, coment\u00f3 durante su conferencia de prensa, en Palacio Nacional.<\/p>\n\n\n\n<p>Abund\u00f3 en que no recibir\u00e1 la pensi\u00f3n de expresidente que s\u00ed recib\u00edan los anteriores mandatarios, y fue cancelada en 2018.<\/p>\n\n\n\n<p>\u201cYo no puedo decir no lo recibo, a m\u00ed me puede ayudar, porque yo no voy a recibir pensi\u00f3n del gobierno como recib\u00edan los anteriores presidentes. Voy a reunir mis tiempos de trabajo para a recibir mi pensi\u00f3n del ISSSTE, que tiene un tope, y de eso voy a vivir\u201d, dijo.<\/p>\n\n\n\n<p>Tambi\u00e9n explic\u00f3 que las ganancias que obtuvo de su \u00faltimo libro, que fue de tres millones de pesos, los administra su esposa Beatriz Guti\u00e9rrez M\u00fcller.<\/p>\n\n\n\n<p>\u201cDel libro anterior, que comente que hab\u00eda obtenido tres millones de pesos, en efecto, pero s\u00ed se manifest\u00f3, nada m\u00e1s que ese dinero, como otro, mi sueldo, lo administra Beatriz\u201d, detall\u00f3.<\/p>\n","protected":false},"excerpt":{"rendered":"<p>El presidente Andr\u00e9s Manuel L\u00f3pez Obrador confirm\u00f3 que ya recibe la pensi\u00f3n de adulto mayor, porque ya le corresponde, dijo. \u201cDi a conocer que ya recibo la tarjeta de adulto mayor y es cierto. La recibo porque ya me corresponde\u201d, coment\u00f3 durante su conferencia de prensa, en Palacio Nacional. Abund\u00f3 en que no recibir\u00e1 la [&hellip;]<\/p>\n","protected":false},"author":4,"featured_media":27154,"comment_status":"open","ping_status":"open","sticky":false,"template":"","format":"standard","meta":{"om_disable_all_campaigns":false,"_monsterinsights_skip_tracking":false,"_monsterinsights_sitenote_active":false,"_monsterinsights_sitenote_note":"","_monsterinsights_sitenote_category":0,"footnotes":""},"categories":[176],"tags":[],"class_list":["post-27153","post","type-post","status-publish","format-standard","has-post-thumbnail","hentry","category-nacional"],"amp_enabled":true,"_links":{"self":[{"href":"https:\/\/lahora.mx\/index.php\/wp-json\/wp\/v2\/posts\/27153","targetHints":{"allow":["GET"]}}],"collection":[{"href":"https:\/\/lahora.mx\/index.php\/wp-json\/wp\/v2\/posts"}],"about":[{"href":"https:\/\/lahora.mx\/index.php\/wp-json\/wp\/v2\/types\/post"}],"author":[{"embeddable":true,"href":"https:\/\/lahora.mx\/index.php\/wp-json\/wp\/v2\/users\/4"}],"replies":[{"embeddable":true,"href":"https:\/\/lahora.mx\/index.php\/wp-json\/wp\/v2\/comments?post=27153"}],"version-history":[{"count":1,"href":"https:\/\/lahora.mx\/index.php\/wp-json\/wp\/v2\/posts\/27153\/revisions"}],"predecessor-version":[{"id":27155,"href":"https:\/\/lahora.mx\/index.php\/wp-json\/wp\/v2\/posts\/27153\/revisions\/27155"}],"wp:featuredmedia":[{"embeddable":true,"href":"https:\/\/lahora.mx\/index.php\/wp-json\/wp\/v2\/media\/27154"}],"wp:attachment":[{"href":"https:\/\/lahora.mx\/index.php\/wp-json\/wp\/v2\/media?parent=27153"}],"wp:term":[{"taxonomy":"category","embeddable":true,"href":"https:\/\/lahora.mx\/index.php\/wp-json\/wp\/v2\/categories?post=27153"},{"taxonomy":"post_tag","embeddable":true,"href":"https:\/\/lahora.mx\/index.php\/wp-json\/wp\/v2\/tags?post=27153"}],"curies":[{"name":"wp","href":"https:\/\/api.w.org\/{rel}","templated":true}]}}