{"id":27144,"date":"2023-05-29T15:28:12","date_gmt":"2023-05-29T15:28:12","guid":{"rendered":"http:\/\/lahora.mx\/?p=27144"},"modified":"2023-05-29T15:28:12","modified_gmt":"2023-05-29T15:28:12","slug":"ya-hay-detenidos-por-el-asesinato-del-periodista-marco-aurelio-ramirez","status":"publish","type":"post","link":"https:\/\/lahora.mx\/index.php\/2023\/05\/29\/ya-hay-detenidos-por-el-asesinato-del-periodista-marco-aurelio-ramirez\/","title":{"rendered":"Ya hay detenidos por el asesinato del periodista Marco Aurelio Ram\u00edrez"},"content":{"rendered":"\n<p>De manera breve y sin dar mayores detalles la Fiscal\u00eda General del Estado de Puebla inform\u00f3 que cuentan con evidencias determinantes para lograr esclarecer el asesinato del periodista Marco Aurelio Ram\u00edrez Hern\u00e1ndez quien fue asesinado el pasado 23 de mayo en Tehuac\u00e1n, pues cuentan con informaci\u00f3n sobre qui\u00e9nes y c\u00f3mo participaron en el crimen, por lo que ya se ejercit\u00f3 acci\u00f3n penal.<\/p>\n\n\n\n<p>A trav\u00e9s de un comunicado la Fiscal\u00eda General del Estado detall\u00f3 que ya llev\u00f3 a cabo diversos actos de investigaci\u00f3n para esclarecer el asesinato del tambi\u00e9n ex funcionario, esto a 6 d\u00edas de su homicidio.<\/p>\n\n\n\n<p>Aunque la instituci\u00f3n no dio detalles, de manera breve, solo se inform\u00f3 que gracias a las investigaciones lograron saber de manera espec\u00edfica qui\u00e9nes y c\u00f3mo participaron en el crimen por lo que ya Fiscal\u00eda ya ejercit\u00f3 acci\u00f3n penal.<\/p>\n\n\n\n<p>\u00abLa Instituci\u00f3n llev\u00f3 a cabo m\u00faltiples actos de investigaci\u00f3n, obteniendo indicios y evidencias que se estiman determinantes para lograr el esclarecimiento de los hechos, espec\u00edficamente qui\u00e9nes y c\u00f3mo participaron en ellos. En virtud de lo anterior, la Fiscal\u00eda ejercit\u00f3 acci\u00f3n penal\u00bb, se lee en el comunicado.<\/p>\n\n\n\n<p>Finalmente la instituci\u00f3n se\u00f1al\u00f3 que este hecho no quedar\u00e1 impune y la investigaci\u00f3n seguir\u00e1 en sigilo hasta que concluya.<\/p>\n\n\n\n<p>Cabe destacar que en la conferencia del pasado jueves en la Fiscal\u00eda General del Estado, su titular Gilberto Higuera Bernal revel\u00f3 que habr\u00edan sido dos personas las que participaron en el homicidio del periodista, uno el cual le dispar\u00f3 y el otro que manej\u00f3 el veh\u00edculo con el que el sicario se dio a la fuga.<\/p>\n","protected":false},"excerpt":{"rendered":"<p>De manera breve y sin dar mayores detalles la Fiscal\u00eda General del Estado de Puebla inform\u00f3 que cuentan con evidencias determinantes para lograr esclarecer el asesinato del periodista Marco Aurelio Ram\u00edrez Hern\u00e1ndez quien fue asesinado el pasado 23 de mayo en Tehuac\u00e1n, pues cuentan con informaci\u00f3n sobre qui\u00e9nes y c\u00f3mo participaron en el crimen, por [&hellip;]<\/p>\n","protected":false},"author":4,"featured_media":27145,"comment_status":"open","ping_status":"open","sticky":false,"template":"","format":"standard","meta":{"om_disable_all_campaigns":false,"_monsterinsights_skip_tracking":false,"_monsterinsights_sitenote_active":false,"_monsterinsights_sitenote_note":"","_monsterinsights_sitenote_category":0,"footnotes":""},"categories":[176],"tags":[],"class_list":["post-27144","post","type-post","status-publish","format-standard","has-post-thumbnail","hentry","category-nacional"],"amp_enabled":true,"_links":{"self":[{"href":"https:\/\/lahora.mx\/index.php\/wp-json\/wp\/v2\/posts\/27144","targetHints":{"allow":["GET"]}}],"collection":[{"href":"https:\/\/lahora.mx\/index.php\/wp-json\/wp\/v2\/posts"}],"about":[{"href":"https:\/\/lahora.mx\/index.php\/wp-json\/wp\/v2\/types\/post"}],"author":[{"embeddable":true,"href":"https:\/\/lahora.mx\/index.php\/wp-json\/wp\/v2\/users\/4"}],"replies":[{"embeddable":true,"href":"https:\/\/lahora.mx\/index.php\/wp-json\/wp\/v2\/comments?post=27144"}],"version-history":[{"count":1,"href":"https:\/\/lahora.mx\/index.php\/wp-json\/wp\/v2\/posts\/27144\/revisions"}],"predecessor-version":[{"id":27146,"href":"https:\/\/lahora.mx\/index.php\/wp-json\/wp\/v2\/posts\/27144\/revisions\/27146"}],"wp:featuredmedia":[{"embeddable":true,"href":"https:\/\/lahora.mx\/index.php\/wp-json\/wp\/v2\/media\/27145"}],"wp:attachment":[{"href":"https:\/\/lahora.mx\/index.php\/wp-json\/wp\/v2\/media?parent=27144"}],"wp:term":[{"taxonomy":"category","embeddable":true,"href":"https:\/\/lahora.mx\/index.php\/wp-json\/wp\/v2\/categories?post=27144"},{"taxonomy":"post_tag","embeddable":true,"href":"https:\/\/lahora.mx\/index.php\/wp-json\/wp\/v2\/tags?post=27144"}],"curies":[{"name":"wp","href":"https:\/\/api.w.org\/{rel}","templated":true}]}}