{"id":27135,"date":"2023-05-29T02:32:58","date_gmt":"2023-05-29T02:32:58","guid":{"rendered":"http:\/\/lahora.mx\/?p=27135"},"modified":"2023-05-29T02:32:59","modified_gmt":"2023-05-29T02:32:59","slug":"avances-del-caso-de-7-jovenes-desaparecidos-de-un-call-center-en-zapopan","status":"publish","type":"post","link":"https:\/\/lahora.mx\/index.php\/2023\/05\/29\/avances-del-caso-de-7-jovenes-desaparecidos-de-un-call-center-en-zapopan\/","title":{"rendered":"Avances del caso de 7 j\u00f3venes desaparecidos de un call center en Zapopan"},"content":{"rendered":"\n<p>La Fiscal\u00eda General de Jalisco ofreci\u00f3 avances en las investigaci\u00f3n sobre las siete personas desaparecidas que trabajan en un call center ubicado en Zapopan. En el informe se se\u00f1alan los cateos al sitio de trabajo y a la finca destinada a este, adem\u00e1s de que 100 elementos de seguridad participan en rastreos y recorridos en la zona y otros municipios para encontrar a los desaparecidos.<\/p>\n\n\n\n<p>La dependencia inform\u00f3 que en los pr\u00f3ximos d\u00edas continuar\u00e1n los cateos, ya que se pidi\u00f3 una orden para intervenir un domicilio del que podr\u00edan recabar m\u00e1s informaci\u00f3n sobre el caso.<\/p>\n\n\n\n<p>Las desapariciones de los trabajadores del call center comenzaron desde el 20 de mayo, y la investigaci\u00f3n sobre el caso represent\u00f3 el hallazgo de drogas, as\u00ed como telas con posibles rastros de sangre. Adem\u00e1s, la recopilaci\u00f3n de informaci\u00f3n apunta a casos de fraude relacionados con la empresa que representa al call center.<\/p>\n\n\n\n<p>Semana de terror en Zapopan: \u00bfC\u00f3mo han sido las desapariciones de los trabajadores de call center?<br>De acuerdo con los reportes de la Fiscal\u00eda, as\u00ed se ha desarrollado el caso de la desaparici\u00f3n de los trabajadores del call center:<\/p>\n\n\n\n<p>\u2018Otra mala\u2019 para el \u2018G\u00fcero\u2019 Palma: recibe nuevo auto de formal prisi\u00f3n en Jalisco<br>H\u00e9ctor &#8216;G\u00fcero&#8217; Palma no podr\u00e1 salir de prisi\u00f3n.<br>Carlos Benjam\u00edn Garc\u00eda Cuevas desapareci\u00f3 el 20 de mayo, y aunque su familia dijo en una primera instancia que este se dedicaba a un negocio familiar, labores de inteligencia detectaron el 26 de mayo que s\u00ed operaba en el call center.<br>Itzel Abigail Valladolid Hern\u00e1ndez y su hermano, Carlos David Valladolid Hern\u00e1ndez, desaparecieron el 22 de mayo. Su familia levant\u00f3 la denuncia un d\u00eda despu\u00e9s.<br>Arturo Robles y Jes\u00fas Alfredo Salazar Ventura fueron reportados como desaparecidos el 24 de mayo.<br>La Fiscal\u00eda cate\u00f3 el call center el 25 de mayo, donde asegur\u00f3 un veh\u00edculo de una de las personas desaparecidas.<br>Mayra Karina Vel\u00e1zquez Dur\u00e1n y Jorge (de quien se desconoce el apellido) fueron reportados como desaparecidos el 26 de mayo. El reporte argumenta que Mayra \u201cestuvo relacionada con una investigaci\u00f3n de fraude en el 2016\u2033.<br>La Fiscal\u00eda inform\u00f3 el cateo a la finca relacionada con el call center en la que se encontraron estos indicios:<br>Mariguana.<br>Trozo de tela con mancha rojiza (posible sangre).<br>Tinchos de pl\u00e1stico.<br>Trapeador con manchas rojizas (posible sangre).<br>Documentos, as\u00ed como pizarrones con anotaciones de nombres de personas de nacionalidad extranjera, anotaciones de membres\u00edas o tiempos compartidos y metas econ\u00f3micas a lograrse.<br>Autoridades identificaron a Francisco Javier \u2018N\u2019, due\u00f1o de la finca, quien se\u00f1al\u00f3 que \u201cel inmueble lo renta desde noviembre de 2022 a trav\u00e9s de una Consultor\u00eda Jur\u00eddica representada por el abogado C\u00e9sar Javier \u2018N\u2019, quien est\u00e1 relacionado con 2 investigaciones por fraude en 2014 y 2015\u2033, de acuerdo con datos de la Fiscal\u00eda.<br>La Fiscal\u00eda inform\u00f3 que es posible la participaci\u00f3n del crimen organizado en las desapariciones relacionadas con el call center, ya que \u201ctenemos algunas versiones por parte de algunas personas que s\u00ed refieren la participaci\u00f3n de sujetos armados en varios veh\u00edculos con un despliegue similar y con todas las caracter\u00edsticas del crimen organizado. Por lo menos en dos o tres de los desaparecidos s\u00ed se dan con la modalidad\u201d.<\/p>\n","protected":false},"excerpt":{"rendered":"<p>La Fiscal\u00eda General de Jalisco ofreci\u00f3 avances en las investigaci\u00f3n sobre las siete personas desaparecidas que trabajan en un call center ubicado en Zapopan. En el informe se se\u00f1alan los cateos al sitio de trabajo y a la finca destinada a este, adem\u00e1s de que 100 elementos de seguridad participan en rastreos y recorridos en [&hellip;]<\/p>\n","protected":false},"author":4,"featured_media":27136,"comment_status":"open","ping_status":"open","sticky":false,"template":"","format":"standard","meta":{"om_disable_all_campaigns":false,"_monsterinsights_skip_tracking":false,"_monsterinsights_sitenote_active":false,"_monsterinsights_sitenote_note":"","_monsterinsights_sitenote_category":0,"footnotes":""},"categories":[176,226],"tags":[],"class_list":["post-27135","post","type-post","status-publish","format-standard","has-post-thumbnail","hentry","category-nacional","category-policia"],"amp_enabled":true,"_links":{"self":[{"href":"https:\/\/lahora.mx\/index.php\/wp-json\/wp\/v2\/posts\/27135","targetHints":{"allow":["GET"]}}],"collection":[{"href":"https:\/\/lahora.mx\/index.php\/wp-json\/wp\/v2\/posts"}],"about":[{"href":"https:\/\/lahora.mx\/index.php\/wp-json\/wp\/v2\/types\/post"}],"author":[{"embeddable":true,"href":"https:\/\/lahora.mx\/index.php\/wp-json\/wp\/v2\/users\/4"}],"replies":[{"embeddable":true,"href":"https:\/\/lahora.mx\/index.php\/wp-json\/wp\/v2\/comments?post=27135"}],"version-history":[{"count":1,"href":"https:\/\/lahora.mx\/index.php\/wp-json\/wp\/v2\/posts\/27135\/revisions"}],"predecessor-version":[{"id":27137,"href":"https:\/\/lahora.mx\/index.php\/wp-json\/wp\/v2\/posts\/27135\/revisions\/27137"}],"wp:featuredmedia":[{"embeddable":true,"href":"https:\/\/lahora.mx\/index.php\/wp-json\/wp\/v2\/media\/27136"}],"wp:attachment":[{"href":"https:\/\/lahora.mx\/index.php\/wp-json\/wp\/v2\/media?parent=27135"}],"wp:term":[{"taxonomy":"category","embeddable":true,"href":"https:\/\/lahora.mx\/index.php\/wp-json\/wp\/v2\/categories?post=27135"},{"taxonomy":"post_tag","embeddable":true,"href":"https:\/\/lahora.mx\/index.php\/wp-json\/wp\/v2\/tags?post=27135"}],"curies":[{"name":"wp","href":"https:\/\/api.w.org\/{rel}","templated":true}]}}