{"id":27126,"date":"2023-05-29T02:23:47","date_gmt":"2023-05-29T02:23:47","guid":{"rendered":"http:\/\/lahora.mx\/?p=27126"},"modified":"2023-05-29T02:23:47","modified_gmt":"2023-05-29T02:23:47","slug":"atacan-casa-de-periodista-pedro-alonso-en-texmelucan-puebla","status":"publish","type":"post","link":"https:\/\/lahora.mx\/index.php\/2023\/05\/29\/atacan-casa-de-periodista-pedro-alonso-en-texmelucan-puebla\/","title":{"rendered":"Atacan casa de periodista Pedro Alonso en Texmelucan, Puebla"},"content":{"rendered":"\n<p>Tan solo cinco d\u00edas despu\u00e9s de que fuera baleado y asesinado el periodista Marco Aurelio Ram\u00edrez Hern\u00e1ndez, en el municipio de Tehuac\u00e1n, sujetos armados balearon la fachada del domicilio del reportero Pedro Alonso en el municipio de San Mart\u00edn Texmelucan, Puebla, regi\u00f3n ubicada por las autoridades como punto rojo debido a la alta incidencia delictiva, principalmente en el robo de veh\u00edculo y a transportistas.<\/p>\n\n\n\n<p>La agresi\u00f3n contra el corresponsal de varios medios estatales y due\u00f1o del peri\u00f3dico digital local Informativo Proyecto Cinco ocurri\u00f3 hoy 28 de mayo alrededor de las 5:00 de la ma\u00f1ana en la localidad de Santa Catarina Hueyatzacoalco.<\/p>\n\n\n\n<p>A pesar de lo anterior, el comunicador y su familia resultaron ilesos, sin embargo no se trata de la primera agresi\u00f3n contra Pedro Alonso, pues minutos antes de que concluyera el pasado S\u00e1bado de Gloria, un carro blanco en movimiento hizo varios disparos de arma de fuego contra las ventanas de las instalaciones del peri\u00f3dico digital Informativo Proyecto Cinco.<br><\/p>\n","protected":false},"excerpt":{"rendered":"<p>Tan solo cinco d\u00edas despu\u00e9s de que fuera baleado y asesinado el periodista Marco Aurelio Ram\u00edrez Hern\u00e1ndez, en el municipio de Tehuac\u00e1n, sujetos armados balearon la fachada del domicilio del reportero Pedro Alonso en el municipio de San Mart\u00edn Texmelucan, Puebla, regi\u00f3n ubicada por las autoridades como punto rojo debido a la alta incidencia delictiva, [&hellip;]<\/p>\n","protected":false},"author":4,"featured_media":27127,"comment_status":"open","ping_status":"open","sticky":false,"template":"","format":"standard","meta":{"om_disable_all_campaigns":false,"_monsterinsights_skip_tracking":false,"_monsterinsights_sitenote_active":false,"_monsterinsights_sitenote_note":"","_monsterinsights_sitenote_category":0,"footnotes":""},"categories":[175,226],"tags":[223],"class_list":["post-27126","post","type-post","status-publish","format-standard","has-post-thumbnail","hentry","category-local","category-policia","tag-puebla"],"amp_enabled":true,"_links":{"self":[{"href":"https:\/\/lahora.mx\/index.php\/wp-json\/wp\/v2\/posts\/27126","targetHints":{"allow":["GET"]}}],"collection":[{"href":"https:\/\/lahora.mx\/index.php\/wp-json\/wp\/v2\/posts"}],"about":[{"href":"https:\/\/lahora.mx\/index.php\/wp-json\/wp\/v2\/types\/post"}],"author":[{"embeddable":true,"href":"https:\/\/lahora.mx\/index.php\/wp-json\/wp\/v2\/users\/4"}],"replies":[{"embeddable":true,"href":"https:\/\/lahora.mx\/index.php\/wp-json\/wp\/v2\/comments?post=27126"}],"version-history":[{"count":1,"href":"https:\/\/lahora.mx\/index.php\/wp-json\/wp\/v2\/posts\/27126\/revisions"}],"predecessor-version":[{"id":27128,"href":"https:\/\/lahora.mx\/index.php\/wp-json\/wp\/v2\/posts\/27126\/revisions\/27128"}],"wp:featuredmedia":[{"embeddable":true,"href":"https:\/\/lahora.mx\/index.php\/wp-json\/wp\/v2\/media\/27127"}],"wp:attachment":[{"href":"https:\/\/lahora.mx\/index.php\/wp-json\/wp\/v2\/media?parent=27126"}],"wp:term":[{"taxonomy":"category","embeddable":true,"href":"https:\/\/lahora.mx\/index.php\/wp-json\/wp\/v2\/categories?post=27126"},{"taxonomy":"post_tag","embeddable":true,"href":"https:\/\/lahora.mx\/index.php\/wp-json\/wp\/v2\/tags?post=27126"}],"curies":[{"name":"wp","href":"https:\/\/api.w.org\/{rel}","templated":true}]}}