{"id":27114,"date":"2023-05-28T18:22:58","date_gmt":"2023-05-28T18:22:58","guid":{"rendered":"http:\/\/lahora.mx\/?p=27114"},"modified":"2023-05-28T18:22:58","modified_gmt":"2023-05-28T18:22:58","slug":"persiste-actividad-sismica-en-el-volcan-popocatepetl-y-caida-de-ceniza-este-domingo","status":"publish","type":"post","link":"https:\/\/lahora.mx\/index.php\/2023\/05\/28\/persiste-actividad-sismica-en-el-volcan-popocatepetl-y-caida-de-ceniza-este-domingo\/","title":{"rendered":"Persiste actividad s\u00edsmica en el volc\u00e1n Popocat\u00e9petl  y ca\u00edda de ceniza este domingo"},"content":{"rendered":"\n<p>Durante la madrugada del domingo, el volc\u00e1n Popocat\u00e9petl registr\u00f3 exhalaciones constantes de ceniza y vapor de agua, as\u00ed como una se\u00f1al de tremor variable \u2013vibraciones del coloso asociadas al flujo de magma\u2013. Se prev\u00e9 que la ceniza se disperse este d\u00eda sobre los municipios situados al centro, este y sureste de Puebla, dio a conocer la Coordinaci\u00f3n Estatal de Protecci\u00f3n Civil.<\/p>\n\n\n\n<p>De acuerdo con lo informado por la Coordinaci\u00f3n Nacional de Protecci\u00f3n Civil (CNPC), desde la tarde del s\u00e1bado y hasta las 5 de la ma\u00f1ana del domingo, el Popocat\u00e9petl no detuvo su expulsi\u00f3n de ceniza y vapor de agua. A prop\u00f3sito, tambi\u00e9n se report\u00f3 la salida de rocas y fragmentos incandescentes en las cercan\u00edas del cr\u00e1ter, durante diversos momentos.<br>Aunado a ello, el organismo federal precis\u00f3 que el coloso present\u00f3 diversos episodios de tremor, los cuales tuvieron duraci\u00f3n y amplitud variada.<\/p>\n\n\n\n<p>Por su parte, Protecci\u00f3n Civil estatal comparti\u00f3 que el pron\u00f3stico de ca\u00edda de ceniza para las pr\u00f3ximas horas expuso que las regiones m\u00e1s afectadas la dispersi\u00f3n de dicha sustancia ser\u00e1n, las sierras Norte, Nororiental y Negra, los valles de Ciudad Serd\u00e1n y Atlixco-Iz\u00facar de Matamoros, as\u00ed como la Mixteca y Angel\u00f3polis.<\/p>\n\n\n\n<p>Del \u00faltimo reporte del Centro Nacional de Prevenci\u00f3n de Desastres (Cenapred) destac\u00f3 que el volc\u00e1n no ha registrado explosiones en los \u00faltimos tres d\u00edas.<\/p>\n\n\n\n<p>Se prev\u00e9n m\u00e1s episodios de tremor<br>La CNPC determin\u00f3 que las se\u00f1ales de tremor tienen una tendencia a ser cada vez m\u00e1s de menor amplitud, es decir, las vibraciones y manifestaciones ac\u00fasticas asociadas al movimiento de lava y otras sustancias volc\u00e1nicas se han presentado con menor intensidad.<\/p>\n\n\n\n<p>No obstante, la dependencia subray\u00f3 que este comportamiento puede variar, y las se\u00f1ales de tremor pueden amplificarse, debido a que el Popocat\u00e9petl registr\u00f3 un ligero aumento de energ\u00eda acumulada. Esto se determin\u00f3 a trav\u00e9s del monitoreo que realiza el Cenapred.<\/p>\n\n\n\n<p>En otras palabras, la actividad s\u00edsmica persistir\u00e1 pr\u00f3ximamente, pues ello es resultado del tr\u00e1nsito de material volc\u00e1nico en el coloso, el cual podr\u00e1 ser eventualmente expulsado mediante exhalaciones y explosiones.<\/p>\n\n\n\n<p>Cabe recordar que el Cenapred inform\u00f3 recientemente que el Popocat\u00e9petl carece de un domo magm\u00e1tico, esto quiere decir que las sustancias volc\u00e1nicas no presentan obstrucci\u00f3n en su salida y, por lo tanto, no se genera una presi\u00f3n que pueda eventualmente generar un evento explosivo de alta magnitud.<\/p>\n\n\n\n<p>Joven recolecta tierra en tonalidades para convertirla en obras de arte<br>No obstante, la dependencia ha manifestado que uno de los escenarios previstos en el nivel de alertamiento Amarillo Fase 3, el cual permanece vigente hasta este momento, es el crecimiento de domos, persistencia de fumarolas, explosiones y posibles flujos de lava de mediano alcance.<\/p>\n\n\n\n<p>Finalmente, la CNPC record\u00f3 a la poblaci\u00f3n que el Popocat\u00e9petl es un volc\u00e1n \u201cimpredecible\u201d, pues desde 1994 ha presentado comportamientos variables. Por lo tanto, hizo un llamado a la ciudadan\u00eda a respetar el cerco de exclusi\u00f3n a 12 kil\u00f3metros del cr\u00e1ter, debido a que el coloso puede lanzar rocas incandescentes hacia sus laderas. Estos objetos, adem\u00e1s de viajar a gran velocidad, \u201cllegan a tener el tama\u00f1o de un autom\u00f3vil\u201d.<\/p>\n","protected":false},"excerpt":{"rendered":"<p>Durante la madrugada del domingo, el volc\u00e1n Popocat\u00e9petl registr\u00f3 exhalaciones constantes de ceniza y vapor de agua, as\u00ed como una se\u00f1al de tremor variable \u2013vibraciones del coloso asociadas al flujo de magma\u2013. Se prev\u00e9 que la ceniza se disperse este d\u00eda sobre los municipios situados al centro, este y sureste de Puebla, dio a conocer [&hellip;]<\/p>\n","protected":false},"author":4,"featured_media":27115,"comment_status":"open","ping_status":"open","sticky":false,"template":"","format":"standard","meta":{"om_disable_all_campaigns":false,"_monsterinsights_skip_tracking":false,"_monsterinsights_sitenote_active":false,"_monsterinsights_sitenote_note":"","_monsterinsights_sitenote_category":0,"footnotes":""},"categories":[175,176],"tags":[195,223],"class_list":["post-27114","post","type-post","status-publish","format-standard","has-post-thumbnail","hentry","category-local","category-nacional","tag-principal","tag-puebla"],"amp_enabled":true,"_links":{"self":[{"href":"https:\/\/lahora.mx\/index.php\/wp-json\/wp\/v2\/posts\/27114","targetHints":{"allow":["GET"]}}],"collection":[{"href":"https:\/\/lahora.mx\/index.php\/wp-json\/wp\/v2\/posts"}],"about":[{"href":"https:\/\/lahora.mx\/index.php\/wp-json\/wp\/v2\/types\/post"}],"author":[{"embeddable":true,"href":"https:\/\/lahora.mx\/index.php\/wp-json\/wp\/v2\/users\/4"}],"replies":[{"embeddable":true,"href":"https:\/\/lahora.mx\/index.php\/wp-json\/wp\/v2\/comments?post=27114"}],"version-history":[{"count":1,"href":"https:\/\/lahora.mx\/index.php\/wp-json\/wp\/v2\/posts\/27114\/revisions"}],"predecessor-version":[{"id":27116,"href":"https:\/\/lahora.mx\/index.php\/wp-json\/wp\/v2\/posts\/27114\/revisions\/27116"}],"wp:featuredmedia":[{"embeddable":true,"href":"https:\/\/lahora.mx\/index.php\/wp-json\/wp\/v2\/media\/27115"}],"wp:attachment":[{"href":"https:\/\/lahora.mx\/index.php\/wp-json\/wp\/v2\/media?parent=27114"}],"wp:term":[{"taxonomy":"category","embeddable":true,"href":"https:\/\/lahora.mx\/index.php\/wp-json\/wp\/v2\/categories?post=27114"},{"taxonomy":"post_tag","embeddable":true,"href":"https:\/\/lahora.mx\/index.php\/wp-json\/wp\/v2\/tags?post=27114"}],"curies":[{"name":"wp","href":"https:\/\/api.w.org\/{rel}","templated":true}]}}