{"id":27111,"date":"2023-05-28T18:06:11","date_gmt":"2023-05-28T18:06:11","guid":{"rendered":"http:\/\/lahora.mx\/?p=27111"},"modified":"2023-05-28T18:06:11","modified_gmt":"2023-05-28T18:06:11","slug":"rebelion-en-el-partido-verde","status":"publish","type":"post","link":"https:\/\/lahora.mx\/index.php\/2023\/05\/28\/rebelion-en-el-partido-verde\/","title":{"rendered":"Rebeli\u00f3n en el Partido Verde"},"content":{"rendered":"\n<p>El Partido Verde Ecologista de M\u00e9xico (PVEM) se dividi\u00f3, a una semana de la elecci\u00f3n para gobernador de Coahuila.<\/p>\n\n\n\n<p>Karen Castrej\u00f3n, l\u00edder nacional del partido, anunci\u00f3 que, para \u201cconsolidar la Cuarta Transformaci\u00f3n\u201d llamar\u00e1n a votar por el candidato de Morena, Armando Guadiana, quien est\u00e1 en segundo lugar en las preferencias, detr\u00e1s del priista Manolo Jim\u00e9nez.<\/p>\n\n\n\n<p>Acompa\u00f1ada por el l\u00edder morenista, Mario Delgado, y el senador verde Manuel Velasco, se\u00f1al\u00f3 que la declinaci\u00f3n impulsar\u00e1 la unidad de ambos partidos rumbo a 2024. Respaldar a Guadiana, indic\u00f3 Velasco, es apoyar el proyecto del presidente L\u00f3pez Obrador.<\/p>\n\n\n\n<p>Sin embargo, Lenin P\u00e9rez, candidato de la alianza PVEM-Unidad Democr\u00e1tica de Coahuila, acus\u00f3 una imposici\u00f3n \u201cdesde el centro del pa\u00eds\u201d y descart\u00f3 declinar. En un mensaje, afirm\u00f3 que la dirigencia nacional del Verde no le inform\u00f3 a la militancia local sobre el acuerdo para apoyar al morenista, decisi\u00f3n que tomaron \u201canteponiendo intereses personales\u201d.<\/p>\n\n\n\n<p>Se los digo a la cara: por m\u00e1s circo, maroma y teatro que hagan, su candidato no va a ganar porque no representa el cambio que hoy los coahuilenses buscan\u201d, dijo.<\/p>\n\n\n\n<p>Se divide el Verde y pacta con Morena<br>Mario Delgado aplaude la postura de ese partido de no pulverizar el voto; Guadiana apoyar\u00e1 a quien menos tiene, asegura Karen Castrej\u00f3nEl Partido Verde anunci\u00f3 su apoyo para el candidato de Morena a la gubernatura de Coahuila, Armando Guadiana, en conferencia de prensa en la que estuvieron los dirigentes nacionales de los dos partidos, Mario Delgado y Karen Castrej\u00f3n, as\u00ed como el senador Manuel Velasco y la dirigente estatal del Verde, Claudia Rodr\u00edguez.<\/p>\n\n\n\n<p>Mario Delgado destac\u00f3 que la historia del 2017 se repite cuando en las elecciones de estos dos estados estaban en juego, siendo dirigente de Morena el ahora presidente Andr\u00e9s Manuel L\u00f3pez Obrador quien hizo un llamado al PVEM y al PT para que se unieran a los candidatos Delfina G\u00f3mez y Armando Guadiana, en aquel proceso electoral.<\/p>\n\n\n\n<p>Aplaudi\u00f3 la postura del PVEM para no dividir el voto y trabajar juntos por el proyecto de transformaci\u00f3n en Coahuila, que adem\u00e1s de respaldar al abanderado de la 4T, marca el inicio de los acuerdos en M\u00e9xico rumbo al 2024.<\/p>\n\n\n\n<p>Hoy el Partido Verde ha dicho: nosotros queremos seguir haciendo historia, queremos seguir apoyando la Cuarta Transformaci\u00f3n. Y har\u00e1n un llamado a votar por Armando Guadiana. Y queremos hacer una mayor\u00eda en el Congreso en Coahuila, para que impulse el proyecto de la Cuarta Transformaci\u00f3n. Son momentos de definiciones en nuestro pa\u00eds, en Coahuila. Lo que aqu\u00ed ocurra tendr\u00e1 repercusi\u00f3n a nivel nacional\u201d, destac\u00f3.<\/p>\n\n\n\n<p>Estamos muy contentos de que el llamado que hicimos a sumar el voto del cambio para evitar que el PRI llegue a 100 a\u00f1os en Coahuila, lo cual ser\u00eda una maldici\u00f3n para este pueblo trabajador y honesto que ha tenido muchos a\u00f1os de gobiernos abusivos, de gobiernos que han deteriorado el nivel de vida de la gente y que se ha llenado de privilegios, ser\u00eda una maldici\u00f3n no escuchar la voz del pueblo\u201d, declar\u00f3 Mario Delgado.<\/p>\n\n\n\n<p>Por su parte Karen Castrej\u00f3n, l\u00edder nacional del Partido Verde, dejo en claro que el respaldo es al aspirante del partido guinda .<\/p>\n\n\n\n<p>El Partido Verde, privilegiando al pueblo de Coahuila, decidi\u00f3 avanzar y apoyar la candidatura a gobernador de Armando Guadiana quien es quien verdaderamente apoyar\u00e1 a la gente que menos tiene para que llegue la Transformaci\u00f3n a este estado\u201d, dijo.<\/p>\n\n\n\n<p>Guadiana agradeci\u00f3 el apoyo del Partido Verde y reconoci\u00f3 que junto a ellos seguir\u00e1 trabajando durante los \u00faltimos d\u00edas de campa\u00f1a rumbo al 4 de junio para obtener el triunfo e iniciar un gobierno en Coahuila basado en los principios de la 4T para lograr que el estado renazca despu\u00e9s de tantos sexenios de malos gobiernos.<\/p>\n","protected":false},"excerpt":{"rendered":"<p>El Partido Verde Ecologista de M\u00e9xico (PVEM) se dividi\u00f3, a una semana de la elecci\u00f3n para gobernador de Coahuila. Karen Castrej\u00f3n, l\u00edder nacional del partido, anunci\u00f3 que, para \u201cconsolidar la Cuarta Transformaci\u00f3n\u201d llamar\u00e1n a votar por el candidato de Morena, Armando Guadiana, quien est\u00e1 en segundo lugar en las preferencias, detr\u00e1s del priista Manolo Jim\u00e9nez. [&hellip;]<\/p>\n","protected":false},"author":4,"featured_media":27112,"comment_status":"open","ping_status":"open","sticky":false,"template":"","format":"standard","meta":{"om_disable_all_campaigns":false,"_monsterinsights_skip_tracking":false,"_monsterinsights_sitenote_active":false,"_monsterinsights_sitenote_note":"","_monsterinsights_sitenote_category":0,"footnotes":""},"categories":[176],"tags":[],"class_list":["post-27111","post","type-post","status-publish","format-standard","has-post-thumbnail","hentry","category-nacional"],"amp_enabled":true,"_links":{"self":[{"href":"https:\/\/lahora.mx\/index.php\/wp-json\/wp\/v2\/posts\/27111","targetHints":{"allow":["GET"]}}],"collection":[{"href":"https:\/\/lahora.mx\/index.php\/wp-json\/wp\/v2\/posts"}],"about":[{"href":"https:\/\/lahora.mx\/index.php\/wp-json\/wp\/v2\/types\/post"}],"author":[{"embeddable":true,"href":"https:\/\/lahora.mx\/index.php\/wp-json\/wp\/v2\/users\/4"}],"replies":[{"embeddable":true,"href":"https:\/\/lahora.mx\/index.php\/wp-json\/wp\/v2\/comments?post=27111"}],"version-history":[{"count":1,"href":"https:\/\/lahora.mx\/index.php\/wp-json\/wp\/v2\/posts\/27111\/revisions"}],"predecessor-version":[{"id":27113,"href":"https:\/\/lahora.mx\/index.php\/wp-json\/wp\/v2\/posts\/27111\/revisions\/27113"}],"wp:featuredmedia":[{"embeddable":true,"href":"https:\/\/lahora.mx\/index.php\/wp-json\/wp\/v2\/media\/27112"}],"wp:attachment":[{"href":"https:\/\/lahora.mx\/index.php\/wp-json\/wp\/v2\/media?parent=27111"}],"wp:term":[{"taxonomy":"category","embeddable":true,"href":"https:\/\/lahora.mx\/index.php\/wp-json\/wp\/v2\/categories?post=27111"},{"taxonomy":"post_tag","embeddable":true,"href":"https:\/\/lahora.mx\/index.php\/wp-json\/wp\/v2\/tags?post=27111"}],"curies":[{"name":"wp","href":"https:\/\/api.w.org\/{rel}","templated":true}]}}