{"id":27102,"date":"2023-05-28T17:30:26","date_gmt":"2023-05-28T17:30:26","guid":{"rendered":"http:\/\/lahora.mx\/?p=27102"},"modified":"2023-05-28T17:30:27","modified_gmt":"2023-05-28T17:30:27","slug":"volcan-popocatepetl-disminuye-actividad","status":"publish","type":"post","link":"https:\/\/lahora.mx\/index.php\/2023\/05\/28\/volcan-popocatepetl-disminuye-actividad\/","title":{"rendered":"Volc\u00e1n Popocat\u00e9petl disminuye actividad"},"content":{"rendered":"\n<p>El programa de movilidad V\u00eda Recreativa se reanud\u00f3 este domingo 28 de mayo en el estado de Puebla tras un fin de semana suspendido debido a la intensa actividad del volc\u00e1n Popocat\u00e9petl.<\/p>\n\n\n\n<p>La semana pasada se registr\u00f3 una intensa ca\u00edda de ceniza debido a las emisiones constantes del Popocat\u00e9petl, por lo cual las actividades al aire libre fueron suspendidas por las autoridades.<br>Sim embargo, hace unos d\u00edas el gobierno de Puebla dispuso la reapertura de los parques y espacios p\u00fablicos ante la disminuci\u00f3n de las emisiones volc\u00e1nicas, por lo cual el recorrido ciclista y peatonal retomar\u00e1 su horario habitual.<\/p>\n\n\n\n<p>Se tiene programado que el corredor se active en un horario de 8:00 a 14:00 horas, comprendiendo los puntos ubicados en la Recta a Cholula y la colonia La Paz, en la ciudad de Puebla.<\/p>\n\n\n\n<p>Seg\u00fan lo comunic\u00f3 la Secretar\u00eda de Movilidad y Transporte del gobierno estatal, ayer se llev\u00f3 a cabo un ensayo preliminar en el que se verificaron las condiciones a fin de llevar a cabo la actividad.<\/p>\n\n\n\n<p>Cabe recordar que la edici\u00f3n del 30 deriv\u00f3 en la muerte de un joven ciclista de 16 a\u00f1os de edad cuando el conductor de un veh\u00edculo ingres\u00f3 a la parte acotada de vialidad y al ignorar los se\u00f1alamientos atropell\u00f3 a tres personas, incluyendo a la v\u00edctima mortal.<\/p>\n\n\n\n<p>La pol\u00e9mica gener\u00f3 manifestaciones un par de d\u00edas despu\u00e9s en la zona del accidente en la Recta a Cholula, donde de nuevo se registr\u00f3 un atropellamiento, esa vez sin v\u00edctimas mortales, cuando un veh\u00edculo ingres\u00f3 velozmente a la parte acotada por los manifestantes.<\/p>\n\n\n\n<p>Seg\u00fan lo dicho por la dependencia, previa edici\u00f3n de la V\u00eda Recreativa se han ejecutado reuniones de coordinaci\u00f3n, seguridad y operatividad con representantes de vialidad y movilidad de los ayuntamientos de Puebla, San Andr\u00e9s Cholula, Coronango y San Pedro Cholula, as\u00ed como con la Secretar\u00eda de Seguridad P\u00fablica y el sistema SUMA.<\/p>\n\n\n\n<p>Asegura en su comunicado que se garantizar\u00e1 el despliegue de personal capacitado en cada intersecci\u00f3n, adem\u00e1s se fortalecieron los dispositivos de seguridad y cierres viales.<\/p>\n\n\n\n<p>Adem\u00e1s se han aplicado capacitaciones y mesas de trabajo en las que se design\u00f3 a personal para ocupar las ocho estaciones que se encontrar\u00e1n ubicadas en la zona que abarca la Recta a Cholula.<\/p>\n\n\n\n<p>Asimismo, tras disminuci\u00f3n de actividad del Popocat\u00e9petl y reactivaci\u00f3n de la V\u00eda Recreativa, las autoridades informaron que habr\u00e1 un monitoreo permanente a lo largo del recorrido, as\u00ed como puntos de hidrataci\u00f3n y apoyo mec\u00e1nico para bicicletas.<\/p>\n","protected":false},"excerpt":{"rendered":"<p>El programa de movilidad V\u00eda Recreativa se reanud\u00f3 este domingo 28 de mayo en el estado de Puebla tras un fin de semana suspendido debido a la intensa actividad del volc\u00e1n Popocat\u00e9petl. La semana pasada se registr\u00f3 una intensa ca\u00edda de ceniza debido a las emisiones constantes del Popocat\u00e9petl, por lo cual las actividades al [&hellip;]<\/p>\n","protected":false},"author":4,"featured_media":27103,"comment_status":"open","ping_status":"open","sticky":false,"template":"","format":"standard","meta":{"om_disable_all_campaigns":false,"_monsterinsights_skip_tracking":false,"_monsterinsights_sitenote_active":false,"_monsterinsights_sitenote_note":"","_monsterinsights_sitenote_category":0,"footnotes":""},"categories":[175,176],"tags":[195,223],"class_list":["post-27102","post","type-post","status-publish","format-standard","has-post-thumbnail","hentry","category-local","category-nacional","tag-principal","tag-puebla"],"amp_enabled":true,"_links":{"self":[{"href":"https:\/\/lahora.mx\/index.php\/wp-json\/wp\/v2\/posts\/27102","targetHints":{"allow":["GET"]}}],"collection":[{"href":"https:\/\/lahora.mx\/index.php\/wp-json\/wp\/v2\/posts"}],"about":[{"href":"https:\/\/lahora.mx\/index.php\/wp-json\/wp\/v2\/types\/post"}],"author":[{"embeddable":true,"href":"https:\/\/lahora.mx\/index.php\/wp-json\/wp\/v2\/users\/4"}],"replies":[{"embeddable":true,"href":"https:\/\/lahora.mx\/index.php\/wp-json\/wp\/v2\/comments?post=27102"}],"version-history":[{"count":1,"href":"https:\/\/lahora.mx\/index.php\/wp-json\/wp\/v2\/posts\/27102\/revisions"}],"predecessor-version":[{"id":27104,"href":"https:\/\/lahora.mx\/index.php\/wp-json\/wp\/v2\/posts\/27102\/revisions\/27104"}],"wp:featuredmedia":[{"embeddable":true,"href":"https:\/\/lahora.mx\/index.php\/wp-json\/wp\/v2\/media\/27103"}],"wp:attachment":[{"href":"https:\/\/lahora.mx\/index.php\/wp-json\/wp\/v2\/media?parent=27102"}],"wp:term":[{"taxonomy":"category","embeddable":true,"href":"https:\/\/lahora.mx\/index.php\/wp-json\/wp\/v2\/categories?post=27102"},{"taxonomy":"post_tag","embeddable":true,"href":"https:\/\/lahora.mx\/index.php\/wp-json\/wp\/v2\/tags?post=27102"}],"curies":[{"name":"wp","href":"https:\/\/api.w.org\/{rel}","templated":true}]}}