{"id":27099,"date":"2023-05-28T00:23:06","date_gmt":"2023-05-28T00:23:06","guid":{"rendered":"http:\/\/lahora.mx\/?p=27099"},"modified":"2023-05-28T00:27:23","modified_gmt":"2023-05-28T00:27:23","slug":"sep-emite-restricciones-ante-regreso-a-clases-presenciales-en-puebla","status":"publish","type":"post","link":"https:\/\/lahora.mx\/index.php\/2023\/05\/28\/sep-emite-restricciones-ante-regreso-a-clases-presenciales-en-puebla\/","title":{"rendered":"SEP emite restricciones ante regreso a clases presenciales en Puebla"},"content":{"rendered":"\n<p>Este lunes es el regreso a clases presenciales en Puebla, en escuelas de 40 municipios cercanos al volc\u00e1n Popocat\u00e9petl, por ello la Secretar\u00eda de Educaci\u00f3n P\u00fablica del Estado emiti\u00f3 una serie de restricciones.<\/p>\n\n\n\n<p>Entre las principales medidas que mantiene la SEP en las escuelas en Puebla afectadas por la ca\u00edda de ceniza volc\u00e1nica se encuentra la suspensi\u00f3n de actividades al aire libre, es decir que no habr\u00e1 clases de educaci\u00f3n fisca en el patio, pero tampoco recreo, ni ceremonias a la bandera.<br>Pero eso no es todo y es que adem\u00e1s directivos y docentes deber\u00e1n seguir estas otras recomendaciones:<\/p>\n\n\n\n<p>Las puertas y ventanas de los salones deber\u00e1n permanecer cerradas durante las clases presenciales.<br>Los directivos, docentes, personal de apoyo y asistencia a la educaci\u00f3n, as\u00ed como padres de familia, deber\u00e1n organizarse para realizar de manera permanente labores de limpieza dentro de los planteles educativos.<br>En caso de presentar alg\u00fan s\u00edntoma relacionado con irritaci\u00f3n de garganta y ojos, acudir a los centros de salud m\u00e1s cercanos a su domicilio.<br>La limpia de escuelas en Puebla ante el regreso a clases se llev\u00f3 a cabo durante la semana, as\u00ed lo se\u00f1alaron pobladores de la Junta Auxiliar Ignacio Romero Vargas, quienes indicaron que en la primaria Netzahualcoyotl padres de familia y maestros se dieron cita en la escuela durante la semana pasada para mantener limpias las aulas y accesos para que en cuanto los ni\u00f1os reanudaran sus actividades escolares se encontrar\u00e1n en \u00f3ptimas condiciones.<\/p>\n\n\n\n<p>El mismo caso fue declarado por padres de familia de la Escuela Primaria Federal Lic. Benito Ju\u00e1rez, perteneciente a la misma demarcaci\u00f3n.<\/p>\n\n\n\n<p>Cabe se\u00f1alar que este fin de semana las escuelas se aprecian cerradas sin actividades de limpieza pese a que el regreso a clases presenciales en Puebla es este lunes 29 de mayo.<\/p>\n","protected":false},"excerpt":{"rendered":"<p>Este lunes es el regreso a clases presenciales en Puebla, en escuelas de 40 municipios cercanos al volc\u00e1n Popocat\u00e9petl, por ello la Secretar\u00eda de Educaci\u00f3n P\u00fablica del Estado emiti\u00f3 una serie de restricciones. Entre las principales medidas que mantiene la SEP en las escuelas en Puebla afectadas por la ca\u00edda de ceniza volc\u00e1nica se encuentra [&hellip;]<\/p>\n","protected":false},"author":4,"featured_media":27100,"comment_status":"open","ping_status":"open","sticky":false,"template":"","format":"standard","meta":{"om_disable_all_campaigns":false,"_monsterinsights_skip_tracking":false,"_monsterinsights_sitenote_active":false,"_monsterinsights_sitenote_note":"","_monsterinsights_sitenote_category":0,"footnotes":""},"categories":[175],"tags":[195,223],"class_list":["post-27099","post","type-post","status-publish","format-standard","has-post-thumbnail","hentry","category-local","tag-principal","tag-puebla"],"amp_enabled":true,"_links":{"self":[{"href":"https:\/\/lahora.mx\/index.php\/wp-json\/wp\/v2\/posts\/27099","targetHints":{"allow":["GET"]}}],"collection":[{"href":"https:\/\/lahora.mx\/index.php\/wp-json\/wp\/v2\/posts"}],"about":[{"href":"https:\/\/lahora.mx\/index.php\/wp-json\/wp\/v2\/types\/post"}],"author":[{"embeddable":true,"href":"https:\/\/lahora.mx\/index.php\/wp-json\/wp\/v2\/users\/4"}],"replies":[{"embeddable":true,"href":"https:\/\/lahora.mx\/index.php\/wp-json\/wp\/v2\/comments?post=27099"}],"version-history":[{"count":1,"href":"https:\/\/lahora.mx\/index.php\/wp-json\/wp\/v2\/posts\/27099\/revisions"}],"predecessor-version":[{"id":27101,"href":"https:\/\/lahora.mx\/index.php\/wp-json\/wp\/v2\/posts\/27099\/revisions\/27101"}],"wp:featuredmedia":[{"embeddable":true,"href":"https:\/\/lahora.mx\/index.php\/wp-json\/wp\/v2\/media\/27100"}],"wp:attachment":[{"href":"https:\/\/lahora.mx\/index.php\/wp-json\/wp\/v2\/media?parent=27099"}],"wp:term":[{"taxonomy":"category","embeddable":true,"href":"https:\/\/lahora.mx\/index.php\/wp-json\/wp\/v2\/categories?post=27099"},{"taxonomy":"post_tag","embeddable":true,"href":"https:\/\/lahora.mx\/index.php\/wp-json\/wp\/v2\/tags?post=27099"}],"curies":[{"name":"wp","href":"https:\/\/api.w.org\/{rel}","templated":true}]}}