{"id":27093,"date":"2023-05-28T00:14:12","date_gmt":"2023-05-28T00:14:12","guid":{"rendered":"http:\/\/lahora.mx\/?p=27093"},"modified":"2023-05-28T00:14:12","modified_gmt":"2023-05-28T00:14:12","slug":"gobernadores-de-la-4t-respaldan-a-amlo-ante-peru","status":"publish","type":"post","link":"https:\/\/lahora.mx\/index.php\/2023\/05\/28\/gobernadores-de-la-4t-respaldan-a-amlo-ante-peru\/","title":{"rendered":"Gobernadores de la 4T respaldan a AMLO ante Per\u00fa"},"content":{"rendered":"\n<p>Las gobernadoras, la Jefa de Gobierno y los gobernadores de Morena respaldaron al presidente Andr\u00e9s Manuel L\u00f3pez Obrador en su defensa al presidente leg\u00edtimo de Per\u00fa, Pedro Castillo, y amagaron al Congreso de ese pa\u00eds a los declare personas no gratas.<\/p>\n\n\n\n<p>\u201cLos gobernadores, gobernadores y la jefa de gobierno de la Cuarta Transformaci\u00f3n apoyamos al presidente Andr\u00e9s Manuel L\u00f3pez Obrador en defensa de Pedro Castillo le decimos a la se\u00f1ora Dina Boluarte y al Congreso de Per\u00fa que pueden declararnos tambi\u00e9n personas no gratas\u201d.<\/p>\n\n\n\n<p>Por medio de un pronunciamiento, las mandatarias y mandatarios de Morena recordaron que hist\u00f3ricamente M\u00e9xico ha estado en contra de los golpes de estado y actos autoritarios que deponen Presidentes, como ha ocurrido en Per\u00fa, con el presidente Pedro Castillo, \u201cquien fue separado de su cargo y legalmente y encarcelado injustamente\u201d.<\/p>\n\n\n\n<p>Se\u00f1alaron que son leales a los principios democr\u00e1ticos y se manifestaron en contra del racismo, del clasicismo y de todas formas de discriminaci\u00f3n, en M\u00e9xico y en cualquier pa\u00eds, sobre todo cuando esto se traduce en la imposici\u00f3n de gobiernos autoritarios que transfieren los principios de la democracia y la soberan\u00eda popular.<\/p>\n","protected":false},"excerpt":{"rendered":"<p>Las gobernadoras, la Jefa de Gobierno y los gobernadores de Morena respaldaron al presidente Andr\u00e9s Manuel L\u00f3pez Obrador en su defensa al presidente leg\u00edtimo de Per\u00fa, Pedro Castillo, y amagaron al Congreso de ese pa\u00eds a los declare personas no gratas. \u201cLos gobernadores, gobernadores y la jefa de gobierno de la Cuarta Transformaci\u00f3n apoyamos al [&hellip;]<\/p>\n","protected":false},"author":4,"featured_media":27094,"comment_status":"open","ping_status":"open","sticky":false,"template":"","format":"standard","meta":{"om_disable_all_campaigns":false,"_monsterinsights_skip_tracking":false,"_monsterinsights_sitenote_active":false,"_monsterinsights_sitenote_note":"","_monsterinsights_sitenote_category":0,"footnotes":""},"categories":[176],"tags":[195],"class_list":["post-27093","post","type-post","status-publish","format-standard","has-post-thumbnail","hentry","category-nacional","tag-principal"],"amp_enabled":true,"_links":{"self":[{"href":"https:\/\/lahora.mx\/index.php\/wp-json\/wp\/v2\/posts\/27093","targetHints":{"allow":["GET"]}}],"collection":[{"href":"https:\/\/lahora.mx\/index.php\/wp-json\/wp\/v2\/posts"}],"about":[{"href":"https:\/\/lahora.mx\/index.php\/wp-json\/wp\/v2\/types\/post"}],"author":[{"embeddable":true,"href":"https:\/\/lahora.mx\/index.php\/wp-json\/wp\/v2\/users\/4"}],"replies":[{"embeddable":true,"href":"https:\/\/lahora.mx\/index.php\/wp-json\/wp\/v2\/comments?post=27093"}],"version-history":[{"count":1,"href":"https:\/\/lahora.mx\/index.php\/wp-json\/wp\/v2\/posts\/27093\/revisions"}],"predecessor-version":[{"id":27095,"href":"https:\/\/lahora.mx\/index.php\/wp-json\/wp\/v2\/posts\/27093\/revisions\/27095"}],"wp:featuredmedia":[{"embeddable":true,"href":"https:\/\/lahora.mx\/index.php\/wp-json\/wp\/v2\/media\/27094"}],"wp:attachment":[{"href":"https:\/\/lahora.mx\/index.php\/wp-json\/wp\/v2\/media?parent=27093"}],"wp:term":[{"taxonomy":"category","embeddable":true,"href":"https:\/\/lahora.mx\/index.php\/wp-json\/wp\/v2\/categories?post=27093"},{"taxonomy":"post_tag","embeddable":true,"href":"https:\/\/lahora.mx\/index.php\/wp-json\/wp\/v2\/tags?post=27093"}],"curies":[{"name":"wp","href":"https:\/\/api.w.org\/{rel}","templated":true}]}}