{"id":27088,"date":"2023-05-27T17:14:02","date_gmt":"2023-05-27T17:14:02","guid":{"rendered":"http:\/\/lahora.mx\/?p=27088"},"modified":"2023-05-27T17:52:44","modified_gmt":"2023-05-27T17:52:44","slug":"fallece-a-un-hombre-indigente-en-inmediaciones-de-la-capu","status":"publish","type":"post","link":"https:\/\/lahora.mx\/index.php\/2023\/05\/27\/fallece-a-un-hombre-indigente-en-inmediaciones-de-la-capu\/","title":{"rendered":"Fallece un hombre indigente en inmediaciones de la CAPU"},"content":{"rendered":"\n<p>Un hombre que viv\u00eda en situaci\u00f3n de calle, fue sorprendido por la muerte durante la madrugada de hoy en inmediaciones de la Central de Autobuses de Puebla (Capu).<\/p>\n\n\n\n<p>De acuerdo a fuentes policiales se sabe que vecinos del Bulevar Norte casi esquina con la calle 11 Norte, frente a la tienda Soriana, vieron al hombre aparentemente inerte por lo que decidieron avisar a las autoridades polic\u00edacas.<\/p>\n\n\n\n<p>As\u00ed poco despu\u00e9s llegaron polic\u00edas municipales de la Secretar\u00eda de Seguridad Ciudadana (SSC), quienes al revisar al var\u00f3n, confirmaron que carec\u00eda de signos vitales.<\/p>\n\n\n\n<p>Los uniformados resguardaron el lugar donde el hombre de alrededor de 50 a\u00f1os de edad, de manera improvisada con bolsas de pl\u00e1stico hab\u00eda construido un refugio junto a unos transformadores de energ\u00eda el\u00e9ctrica a un costado de la Farmacia Guadalajara, para pernoctar.<\/p>\n\n\n\n<p>Tambi\u00e9n se presentaron t\u00e9cnicos en urgencias m\u00e9dicas quienes confirmaron que la persona de aspecto indigente, estaba sin vida, aparentemente por causas naturales.<\/p>\n\n\n\n<p>Poco despu\u00e9s llegaron peritos y agentes ministeriales de la Fiscal\u00eda General del Estado para encargarse de las diligencias del levantamiento de cad\u00e1ver de quien qued\u00f3 en calidad de desconocido.<\/p>\n\n\n\n<p>El cuerpo ser\u00e1 llevado a las instalaciones del Servicio M\u00e9dico Forense para hacerle la autopsia de rigor y confirmar la causa exacta de fallecimiento, adem\u00e1s de esperar a que alguien acuda a identificarlo y reclamarlo o de lo contrario terminar\u00e1 en la fosa com\u00fan.<\/p>\n\n\n\n<p>Cabe se\u00f1alar que apenas unas horas antes, es decir ayer por la tarde, otro var\u00f3n que viv\u00eda en la indigencia, tambi\u00e9n pereci\u00f3 por posibles causas naturales, muy cerca de este \u00faltimo lugar, espec\u00edficamente en Bulevar Carmen Serd\u00e1n casi con Gran Avenida en la colonia Clotilde Torres.<\/p>\n","protected":false},"excerpt":{"rendered":"<p>Un hombre que viv\u00eda en situaci\u00f3n de calle, fue sorprendido por la muerte durante la madrugada de hoy en inmediaciones de la Central de Autobuses de Puebla (Capu). De acuerdo a fuentes policiales se sabe que vecinos del Bulevar Norte casi esquina con la calle 11 Norte, frente a la tienda Soriana, vieron al hombre [&hellip;]<\/p>\n","protected":false},"author":4,"featured_media":27089,"comment_status":"open","ping_status":"open","sticky":false,"template":"","format":"standard","meta":{"om_disable_all_campaigns":false,"_monsterinsights_skip_tracking":false,"_monsterinsights_sitenote_active":false,"_monsterinsights_sitenote_note":"","_monsterinsights_sitenote_category":0,"footnotes":""},"categories":[175,226],"tags":[223],"class_list":["post-27088","post","type-post","status-publish","format-standard","has-post-thumbnail","hentry","category-local","category-policia","tag-puebla"],"amp_enabled":true,"_links":{"self":[{"href":"https:\/\/lahora.mx\/index.php\/wp-json\/wp\/v2\/posts\/27088","targetHints":{"allow":["GET"]}}],"collection":[{"href":"https:\/\/lahora.mx\/index.php\/wp-json\/wp\/v2\/posts"}],"about":[{"href":"https:\/\/lahora.mx\/index.php\/wp-json\/wp\/v2\/types\/post"}],"author":[{"embeddable":true,"href":"https:\/\/lahora.mx\/index.php\/wp-json\/wp\/v2\/users\/4"}],"replies":[{"embeddable":true,"href":"https:\/\/lahora.mx\/index.php\/wp-json\/wp\/v2\/comments?post=27088"}],"version-history":[{"count":2,"href":"https:\/\/lahora.mx\/index.php\/wp-json\/wp\/v2\/posts\/27088\/revisions"}],"predecessor-version":[{"id":27092,"href":"https:\/\/lahora.mx\/index.php\/wp-json\/wp\/v2\/posts\/27088\/revisions\/27092"}],"wp:featuredmedia":[{"embeddable":true,"href":"https:\/\/lahora.mx\/index.php\/wp-json\/wp\/v2\/media\/27089"}],"wp:attachment":[{"href":"https:\/\/lahora.mx\/index.php\/wp-json\/wp\/v2\/media?parent=27088"}],"wp:term":[{"taxonomy":"category","embeddable":true,"href":"https:\/\/lahora.mx\/index.php\/wp-json\/wp\/v2\/categories?post=27088"},{"taxonomy":"post_tag","embeddable":true,"href":"https:\/\/lahora.mx\/index.php\/wp-json\/wp\/v2\/tags?post=27088"}],"curies":[{"name":"wp","href":"https:\/\/api.w.org\/{rel}","templated":true}]}}