{"id":27081,"date":"2023-05-27T17:06:26","date_gmt":"2023-05-27T17:06:26","guid":{"rendered":"http:\/\/lahora.mx\/?p=27081"},"modified":"2023-05-27T17:06:26","modified_gmt":"2023-05-27T17:06:26","slug":"ceniza-del-popocatepetl-podria-llegar-hasta-guerrero","status":"publish","type":"post","link":"https:\/\/lahora.mx\/index.php\/2023\/05\/27\/ceniza-del-popocatepetl-podria-llegar-hasta-guerrero\/","title":{"rendered":"Ceniza del Popocat\u00e9petl podr\u00eda llegar hasta Guerrero"},"content":{"rendered":"\n<p>Las emisiones volc\u00e1nicas se mantienen activas, ya que durante la noche de este viernes, el Popocat\u00e9petl registr\u00f3 al menos un par de exhalaciones de ceniza con vapor, agua y gases con incandescencia.<\/p>\n\n\n\n<p>La primera de ellas alrededor de las 21:29 horas y la segunda a las 22:27 horas, ambas consideradas en las condiciones que mantienen el Sem\u00e1foro de Alerta Volc\u00e1nica en Amarillo Fase 3.<\/p>\n\n\n\n<p>De acuerdo con las estimaciones derivadas de la direcci\u00f3n del viento para este s\u00e1bado, se prev\u00e9 la ca\u00edda de ceniza del Popocat\u00e9petl en la parte sureste del estado de Puebla, es decir hacia las demarcaciones de Atlixco, Cohuecan, Huaquechula, Tepexco, Chietla, Huehuetl\u00e1n, Chiautla, Jolalpan y el Valle de Iz\u00facar de Matamoros.<\/p>\n\n\n\n<p>Adem\u00e1s de que tambi\u00e9n en parte de la Sierra Mixteca y teniendo alcance en diferentes zonas de los estados de Morelos y Guerrero.<\/p>\n\n\n\n<p>Seg\u00fan lo reportado por el propio gobierno del estado, entre las 21:00 horas del viernes y hasta las 4:00 de la madrugada de hoy, el Popocat\u00e9petl mantuvo un episodio de tremor de moderada amplitud con emisi\u00f3n de ceniza con vapor, agua y gases con incandescencia.<\/p>\n\n\n\n<p>A la vez que a partir de las 5:00 de la ma\u00f1ana la se\u00f1al del tremor, aunque continua, parecer ser de baja amplitud.<\/p>\n\n\n\n<p>La dispersi\u00f3n de la ceniza en las \u00faltimas 24 horas, advierte el informe, tuvo lugar en los municipios de Tlaltenango, Atlixco, Tochimilco, Atzitzihuacan, Nopalucan de la Granja, San Pedro Benito Ju\u00e1rez, Chietla, Huaquechula, Tlapanal\u00e1, Tepeojuma y Tehuitzingo.<\/p>\n\n\n\n<p>De acuerdo a los pron\u00f3sticos oficiales en torno al Popocat\u00e9petl, se tienen previstas las siguientes condiciones:<\/p>\n\n\n\n<p>Actividad eruptiva de explosividad a baja intensidad, por lo que pueden esperarse explosiones leves a moderadas que lancen fragmentos incandescentes en el entorno del cr\u00e1ter.<br>Ca\u00edda de ceniza.<br>Crecimiento r\u00e1pido e importante de domos y posibilidad de expulsi\u00f3n de magma.<br>Lluvias leves a moderadas.<br>Explosiones importantes de intensidad creciente que lancen fragmentos incandescentes a distancias considerables.<br>Persistencia de fumarolas<\/p>\n","protected":false},"excerpt":{"rendered":"<p>Las emisiones volc\u00e1nicas se mantienen activas, ya que durante la noche de este viernes, el Popocat\u00e9petl registr\u00f3 al menos un par de exhalaciones de ceniza con vapor, agua y gases con incandescencia. La primera de ellas alrededor de las 21:29 horas y la segunda a las 22:27 horas, ambas consideradas en las condiciones que mantienen [&hellip;]<\/p>\n","protected":false},"author":4,"featured_media":27083,"comment_status":"open","ping_status":"open","sticky":false,"template":"","format":"standard","meta":{"om_disable_all_campaigns":false,"_monsterinsights_skip_tracking":false,"_monsterinsights_sitenote_active":false,"_monsterinsights_sitenote_note":"","_monsterinsights_sitenote_category":0,"footnotes":""},"categories":[175],"tags":[223],"class_list":["post-27081","post","type-post","status-publish","format-standard","has-post-thumbnail","hentry","category-local","tag-puebla"],"amp_enabled":true,"_links":{"self":[{"href":"https:\/\/lahora.mx\/index.php\/wp-json\/wp\/v2\/posts\/27081","targetHints":{"allow":["GET"]}}],"collection":[{"href":"https:\/\/lahora.mx\/index.php\/wp-json\/wp\/v2\/posts"}],"about":[{"href":"https:\/\/lahora.mx\/index.php\/wp-json\/wp\/v2\/types\/post"}],"author":[{"embeddable":true,"href":"https:\/\/lahora.mx\/index.php\/wp-json\/wp\/v2\/users\/4"}],"replies":[{"embeddable":true,"href":"https:\/\/lahora.mx\/index.php\/wp-json\/wp\/v2\/comments?post=27081"}],"version-history":[{"count":1,"href":"https:\/\/lahora.mx\/index.php\/wp-json\/wp\/v2\/posts\/27081\/revisions"}],"predecessor-version":[{"id":27084,"href":"https:\/\/lahora.mx\/index.php\/wp-json\/wp\/v2\/posts\/27081\/revisions\/27084"}],"wp:featuredmedia":[{"embeddable":true,"href":"https:\/\/lahora.mx\/index.php\/wp-json\/wp\/v2\/media\/27083"}],"wp:attachment":[{"href":"https:\/\/lahora.mx\/index.php\/wp-json\/wp\/v2\/media?parent=27081"}],"wp:term":[{"taxonomy":"category","embeddable":true,"href":"https:\/\/lahora.mx\/index.php\/wp-json\/wp\/v2\/categories?post=27081"},{"taxonomy":"post_tag","embeddable":true,"href":"https:\/\/lahora.mx\/index.php\/wp-json\/wp\/v2\/tags?post=27081"}],"curies":[{"name":"wp","href":"https:\/\/api.w.org\/{rel}","templated":true}]}}