{"id":27075,"date":"2023-05-26T23:34:22","date_gmt":"2023-05-26T23:34:22","guid":{"rendered":"http:\/\/lahora.mx\/?p=27075"},"modified":"2023-05-26T23:34:23","modified_gmt":"2023-05-26T23:34:23","slug":"inauguran-autoridades-congreso-internacional-derecho-humano-a-la-ciudad","status":"publish","type":"post","link":"https:\/\/lahora.mx\/index.php\/2023\/05\/26\/inauguran-autoridades-congreso-internacional-derecho-humano-a-la-ciudad\/","title":{"rendered":"Inauguran autoridades Congreso Internacional \u201cDerecho Humano a la Ciudad\u201d"},"content":{"rendered":"\n<p>Este viernes fue inaugurado el Congreso Internacional AGOL 2023, denominado \u201cDerecho Humano a la Ciudad: La Alianza Global del Ombudsperson Local ante la nueva Agenda Urbana\u201d, que se realiza en el Teatro Xicoht\u00e9ncatl de la ciudad de Tlaxcala con la participaci\u00f3n de personas expertas en la materia provenientes de diversos pa\u00edses de Europa y Am\u00e9rica Latina, y de ombudsperson de varias entidades de la Rep\u00fablica Mexicana, y en el que se abordan cuatro ejes tem\u00e1ticos, que son \u201cciudad equitativa\u201d, \u201cCiudad diversa\u201d, \u201cCiudad Garantista\u201d y \u201cCiudad habitable y sostenible\u201d.<\/p>\n\n\n\n<p>Al inaugurar el Congreso, la gobernadora Lorena Cu\u00e9llar Cisneros reconoci\u00f3 los retos que enfrentan las ciudades de todo el mundo para responder a las necesidades de la poblaci\u00f3n, donde se respeten diferencias, no exista exclusi\u00f3n y se prioricen acciones hacia las personas menos favorecidas. Asimismo, destac\u00f3 la importancia de promover la participaci\u00f3n de la sociedad civil para el intercambio de conocimientos, con el objetivo de tener un desarrollo urbano m\u00e1s equitativo e incluyente.<\/p>\n\n\n\n<p>Al dar la bienvenida a los trabajos de este Congreso Internacional, la presidenta de la Comisi\u00f3n Estatal de Derechos Humanos (CEDH), Jakqueline Ordo\u00f1ez Brasdefer, subray\u00f3 la importancia de que surjan propuestas y buenas pr\u00e1cticas que se compartan, para con ello brindar oportunidades de bienestar y desarrollo a la poblaci\u00f3n, y que \u00e9sta tenga la oportunidad de desarrollarse de manera individual y colectiva. \u201cEste Congreso es una excelente oportunidad de crear lazos de colaboraci\u00f3n que perduren con el objetivo de generar impactos globales a favor de la garant\u00eda y promoci\u00f3n de los derechos de las personas en las ciudades\u201d, se\u00f1al\u00f3.<\/p>\n\n\n\n<p>Por su parte, Nashieli Ram\u00edrez Hern\u00e1ndez, vicepresidenta de la Alianza Global del Ombudsperson Local (AGOL) y presidenta de la Comisi\u00f3n de Derechos Humanos de la Ciudad de M\u00e9xico (CDHCDM), destac\u00f3 que hoy en d\u00eda la mayor\u00eda de las ciudades en el mundo son insostenibles debido al creciente n\u00famero de su poblaci\u00f3n y a las necesidades cotidianas que \u00e9sta requiere para su sostenibilidad, por lo cual se hace necesario hablar sobre el derecho a la ciudad para aumentar la calidad de vida de las personas.<\/p>\n\n\n\n<p>A su vez, Ismael Emiliano Rins, presidente de la AGOL y defensor del Pueblo de la Ciudad de Rio Cuarto, Argentina, destac\u00f3 la importancia de crear espacios, como este Congreso Internacional, para aportar opiniones y buenas pr\u00e1cticas en la defensa de los derechos humanos, a fin de establecer una agenda que sirva a los gobiernos a responder a las necesidades de sus poblaciones. \u201cLa AGOL pretende eso: representar a quienes no han estado representados, y proponer un trabajo preciso en la defensa de los derechos humanos\u201d, apunt\u00f3.<\/p>\n\n\n\n<p>Cabe destacar que en la inauguraci\u00f3n de este Congreso Internacional tambi\u00e9n estuvieron el presidente de la Federaci\u00f3n Mexicana de Organismos P\u00fablicos de Derechos Humanos (FMOPDH) y presidente de la Comisi\u00f3n de Derechos Humanos del Estado de Morelos, Ra\u00fal Israel Hern\u00e1ndez Cruz.<\/p>\n\n\n\n<p>Acompa\u00f1aron el acto inaugural el presidente de la Mesa Directiva del Congreso local, Bladimir Zainos Flores; la presidenta del Tribunal Superior de Justicia del Estado (TSJE, Mary Cruz Cort\u00e9s Ornelas; diputadas y diputados locales, magistradas y magistrados locales, as\u00ed como representantes de los organismos defensores de los derechos humanos de las entidades federativas de la Rep\u00fablica Mexicana, funcionarias y funcionarios p\u00fablicos y estudiantes de diversas instituciones educativas del estado.<\/p>\n","protected":false},"excerpt":{"rendered":"<p>Este viernes fue inaugurado el Congreso Internacional AGOL 2023, denominado \u201cDerecho Humano a la Ciudad: La Alianza Global del Ombudsperson Local ante la nueva Agenda Urbana\u201d, que se realiza en el Teatro Xicoht\u00e9ncatl de la ciudad de Tlaxcala con la participaci\u00f3n de personas expertas en la materia provenientes de diversos pa\u00edses de Europa y Am\u00e9rica [&hellip;]<\/p>\n","protected":false},"author":4,"featured_media":27076,"comment_status":"open","ping_status":"open","sticky":false,"template":"","format":"standard","meta":{"om_disable_all_campaigns":false,"_monsterinsights_skip_tracking":false,"_monsterinsights_sitenote_active":false,"_monsterinsights_sitenote_note":"","_monsterinsights_sitenote_category":0,"footnotes":""},"categories":[175],"tags":[223,210],"class_list":["post-27075","post","type-post","status-publish","format-standard","has-post-thumbnail","hentry","category-local","tag-puebla","tag-tlaxcala"],"amp_enabled":true,"_links":{"self":[{"href":"https:\/\/lahora.mx\/index.php\/wp-json\/wp\/v2\/posts\/27075","targetHints":{"allow":["GET"]}}],"collection":[{"href":"https:\/\/lahora.mx\/index.php\/wp-json\/wp\/v2\/posts"}],"about":[{"href":"https:\/\/lahora.mx\/index.php\/wp-json\/wp\/v2\/types\/post"}],"author":[{"embeddable":true,"href":"https:\/\/lahora.mx\/index.php\/wp-json\/wp\/v2\/users\/4"}],"replies":[{"embeddable":true,"href":"https:\/\/lahora.mx\/index.php\/wp-json\/wp\/v2\/comments?post=27075"}],"version-history":[{"count":1,"href":"https:\/\/lahora.mx\/index.php\/wp-json\/wp\/v2\/posts\/27075\/revisions"}],"predecessor-version":[{"id":27077,"href":"https:\/\/lahora.mx\/index.php\/wp-json\/wp\/v2\/posts\/27075\/revisions\/27077"}],"wp:featuredmedia":[{"embeddable":true,"href":"https:\/\/lahora.mx\/index.php\/wp-json\/wp\/v2\/media\/27076"}],"wp:attachment":[{"href":"https:\/\/lahora.mx\/index.php\/wp-json\/wp\/v2\/media?parent=27075"}],"wp:term":[{"taxonomy":"category","embeddable":true,"href":"https:\/\/lahora.mx\/index.php\/wp-json\/wp\/v2\/categories?post=27075"},{"taxonomy":"post_tag","embeddable":true,"href":"https:\/\/lahora.mx\/index.php\/wp-json\/wp\/v2\/tags?post=27075"}],"curies":[{"name":"wp","href":"https:\/\/api.w.org\/{rel}","templated":true}]}}