{"id":27061,"date":"2023-05-26T22:33:37","date_gmt":"2023-05-26T22:33:37","guid":{"rendered":"http:\/\/lahora.mx\/?p=27061"},"modified":"2023-05-26T22:33:37","modified_gmt":"2023-05-26T22:33:37","slug":"congreso-aprueba-dictamen-para-declarar-el-11-de-mayo-como-dia-estatal-de-la-lucha-contra-la-violencia-vicaria","status":"publish","type":"post","link":"https:\/\/lahora.mx\/index.php\/2023\/05\/26\/congreso-aprueba-dictamen-para-declarar-el-11-de-mayo-como-dia-estatal-de-la-lucha-contra-la-violencia-vicaria\/","title":{"rendered":"Congreso aprueba Dictamen para declarar el 11 de Mayo como \u201cD\u00eda Estatal de la Lucha contra la Violencia Vicaria\u201d"},"content":{"rendered":"\n<p>En sesi\u00f3n p\u00fablica ordinaria, el Pleno del Congreso del Estado aprob\u00f3 el Dictamen para declarar el 11 de Mayo de cada a\u00f1o como \u201cD\u00eda Estatal de la Lucha contra la Violencia Vicaria\u201d, que ser\u00e1 de importancia para coadyuvar en la defensa y los derechos de las mujeres, as\u00ed como en la erradicaci\u00f3n de este tipo de violencia, se\u00f1al\u00f3 la diputada Aurora Sierra Rodr\u00edguez.<\/p>\n\n\n\n<p>El Dictamen establece que la denominaci\u00f3n del \u201cD\u00eda Estatal de la Lucha Contra la Violencia Vicaria\u201d deber\u00e1 usarse en la documentaci\u00f3n oficial de los Poderes Legislativo, Ejecutivo y Judicial, adem\u00e1s de organismos constitucionalmente aut\u00f3nomos, as\u00ed como los 217 ayuntamientos, durante el mes de mayo de cada a\u00f1o.<\/p>\n\n\n\n<p>Tambi\u00e9n considera que para la fecha en menci\u00f3n se deber\u00e1n realizar campa\u00f1as enfocadas a prevenir, sancionar y erradicar este tipo de violencia; adem\u00e1s de establecer que el 11 de mayo se iluminen los espacios p\u00fablicos y se coloque un list\u00f3n de color morado.<\/p>\n\n\n\n<p>Por otra parte, la Mesa Directiva dio cuenta de la Iniciativa presentada por la diputada Karla Victoria Mart\u00ednez Gallegos para adicionar la fracci\u00f3n I bis al art\u00edculo 12 de la Ley para el Acceso de las Mujeres a una Vida Libre de Violencia del Estado de Puebla, con el prop\u00f3sito de implementar mecanismos y procedimientos que garanticen la atenci\u00f3n expedita, eficaz, confidencial, segura, accesible y multicultural de las v\u00edctimas, a trav\u00e9s de medios digitales y el uso de las tecnolog\u00edas de la informaci\u00f3n.<\/p>\n\n\n\n<p>Adem\u00e1s de enfoques de accesibilidad e inclusi\u00f3n que permitan la atenci\u00f3n oportuna de personas con alguna discapacidad, as\u00ed como de integrantes de los pueblos originarios.<\/p>\n\n\n\n<p>La Iniciativa fue turnada a la Comisi\u00f3n de Igualdad de G\u00e9nero, para su estudio y resoluci\u00f3n correspondiente.<\/p>\n\n\n\n<p>Durante la sesi\u00f3n, el diputado Fernando Morales Mart\u00ednez present\u00f3 una Iniciativa para reformar los art\u00edculos 120 y 121 del C\u00f3digo Penal del Estado de Puebla, que permita un proceso de reinserci\u00f3n social efectivo, as\u00ed como establecer un \u00f3rgano de vigilancia estatal que supervise que los derechos de las personas privadas de su libertad no sean vulnerados.<\/p>\n\n\n\n<p>La Iniciativa fue enviada a la Comisi\u00f3n de Procuraci\u00f3n y Administraci\u00f3n de Justicia para su an\u00e1lisis y dictaminaci\u00f3n.<\/p>\n\n\n\n<p>En m\u00e1s del orden del d\u00eda, la diputada Guadalupe Leal Rodr\u00edguez, en conjunto con la diputada Karla Rodr\u00edguez Palacios y el diputado Jaime Natale Uranga presentaron una Iniciativa para expedir la Ley de Imagen Institucional del Estado de Puebla.<\/p>\n\n\n\n<p>El prop\u00f3sito es establecer lineamientos y criterios para regular la imagen Institucional, su uso, as\u00ed como la difusi\u00f3n que se le d\u00e9, de los entes p\u00fablicos de los tres poderes del estado, los organismos aut\u00f3nomos y los ayuntamientos, la cual debe ser acorde a la pluralidad ideol\u00f3gica, pol\u00edtica, econ\u00f3mica, social, hist\u00f3rica y cultural, as\u00ed como a los valores, usos y costumbres que distinguen al Estado de Puebla; omitiendo, cualquier alusi\u00f3n a persona alguna, partido pol\u00edtico u organizaci\u00f3n privada o social cuyo objeto sea diferente al ejercicio gubernamental.<\/p>\n\n\n\n<p>La Iniciativa fue turnada a la Comisi\u00f3n de Gobernaci\u00f3n y Puntos Constitucionales para su an\u00e1lisis y resoluci\u00f3n procedente.<\/p>\n\n\n\n<p>Por su parte, el diputado Adolfo Alatriste Cant\u00fa present\u00f3 un Punto de Acuerdo para exhortar al Ayuntamiento y al Presidente Municipal de Tehuac\u00e1n, para que, en coordinaci\u00f3n con la direcci\u00f3n de Seguridad P\u00fablica Municipal, ejecuten las acciones necesarias para reducir el nivel de inseguridad que se presenta en el municipio.<\/p>\n\n\n\n<p>En tribuna, el legislador refiri\u00f3 la necesidad de hacer una revisi\u00f3n de las finanzas del ayuntamiento y la gobernabilidad de Tehuac\u00e1n.<\/p>\n\n\n\n<p>As\u00ed como exhortar a la persona titular de la Fiscal\u00eda General del Estado, para que contin\u00faen con las investigaciones y logren dar con los autores materiales e intelectuales del asesinato del periodista Marco Aurelio Ram\u00edrez Hern\u00e1ndez.<\/p>\n\n\n\n<p>El Punto de Acuerdo fue dirigido a las Comisiones unidas de Procuraci\u00f3n y Administraci\u00f3n de Justicia, y de Seguridad P\u00fablica para su an\u00e1lisis correspondiente.<\/p>\n","protected":false},"excerpt":{"rendered":"<p>En sesi\u00f3n p\u00fablica ordinaria, el Pleno del Congreso del Estado aprob\u00f3 el Dictamen para declarar el 11 de Mayo de cada a\u00f1o como \u201cD\u00eda Estatal de la Lucha contra la Violencia Vicaria\u201d, que ser\u00e1 de importancia para coadyuvar en la defensa y los derechos de las mujeres, as\u00ed como en la erradicaci\u00f3n de este tipo [&hellip;]<\/p>\n","protected":false},"author":4,"featured_media":27063,"comment_status":"open","ping_status":"open","sticky":false,"template":"","format":"standard","meta":{"om_disable_all_campaigns":false,"_monsterinsights_skip_tracking":false,"_monsterinsights_sitenote_active":false,"_monsterinsights_sitenote_note":"","_monsterinsights_sitenote_category":0,"footnotes":""},"categories":[175],"tags":[227,223],"class_list":["post-27061","post","type-post","status-publish","format-standard","has-post-thumbnail","hentry","category-local","tag-congreso","tag-puebla"],"amp_enabled":true,"_links":{"self":[{"href":"https:\/\/lahora.mx\/index.php\/wp-json\/wp\/v2\/posts\/27061","targetHints":{"allow":["GET"]}}],"collection":[{"href":"https:\/\/lahora.mx\/index.php\/wp-json\/wp\/v2\/posts"}],"about":[{"href":"https:\/\/lahora.mx\/index.php\/wp-json\/wp\/v2\/types\/post"}],"author":[{"embeddable":true,"href":"https:\/\/lahora.mx\/index.php\/wp-json\/wp\/v2\/users\/4"}],"replies":[{"embeddable":true,"href":"https:\/\/lahora.mx\/index.php\/wp-json\/wp\/v2\/comments?post=27061"}],"version-history":[{"count":1,"href":"https:\/\/lahora.mx\/index.php\/wp-json\/wp\/v2\/posts\/27061\/revisions"}],"predecessor-version":[{"id":27064,"href":"https:\/\/lahora.mx\/index.php\/wp-json\/wp\/v2\/posts\/27061\/revisions\/27064"}],"wp:featuredmedia":[{"embeddable":true,"href":"https:\/\/lahora.mx\/index.php\/wp-json\/wp\/v2\/media\/27063"}],"wp:attachment":[{"href":"https:\/\/lahora.mx\/index.php\/wp-json\/wp\/v2\/media?parent=27061"}],"wp:term":[{"taxonomy":"category","embeddable":true,"href":"https:\/\/lahora.mx\/index.php\/wp-json\/wp\/v2\/categories?post=27061"},{"taxonomy":"post_tag","embeddable":true,"href":"https:\/\/lahora.mx\/index.php\/wp-json\/wp\/v2\/tags?post=27061"}],"curies":[{"name":"wp","href":"https:\/\/api.w.org\/{rel}","templated":true}]}}