{"id":27054,"date":"2023-05-26T22:21:24","date_gmt":"2023-05-26T22:21:24","guid":{"rendered":"http:\/\/lahora.mx\/?p=27054"},"modified":"2023-05-26T22:21:24","modified_gmt":"2023-05-26T22:21:24","slug":"analizara-lxi-legislatura-iniciativa-para-aumentar-derechos-a-personas-con-discapacidad","status":"publish","type":"post","link":"https:\/\/lahora.mx\/index.php\/2023\/05\/26\/analizara-lxi-legislatura-iniciativa-para-aumentar-derechos-a-personas-con-discapacidad\/","title":{"rendered":"Analizar\u00e1 LXI Legislatura iniciativa para aumentar derechos a personas con discapacidad"},"content":{"rendered":"\n<p>El Pleno de la LXI Legislatura del Congreso del Estado dio lectura y turno a la iniciativa que present\u00f3 el diputado Jos\u00e9 Miguel Octaviano Huerta Rodr\u00edguez, para que se contemple dentro de la norma estatal que las personas con discapacidad tengan acceso a un certificado de discapacidad expedido conforme a la Ley General de Salud, por profesionales de la medicina o persona autorizada por la autoridad sanitaria.<\/p>\n\n\n\n<p>De acuerdo con la explicaci\u00f3n del legislador, este certificado de discapacidad deber\u00e1 incluir la Clave \u00danica de Registro de Poblaci\u00f3n del beneficiario; asimismo, estas reformas proponen que sea facultad del Instituto para las Personas con Discapacidad suscribir convenios con las instituciones que tengan a cargo la competencia para la expedici\u00f3n de credenciales oficiales de discapacidad con reconocimiento nacional.<\/p>\n\n\n\n<p>La propuesta es para realizar reformas a la fracci\u00f3n I del art\u00edculo 126, la fracci\u00f3n IV del 127, y adicionar la fracci\u00f3n V al 127 y los art\u00edculos 279 bis y 279 bis 1 a la Ley Estatal de Salud; adem\u00e1s, se reforman las fracciones XVI y XVII del art\u00edculo 12 bis y la fracci\u00f3n X del 16, y se adiciona la fracci\u00f3n XVIII al 12 bis y la fracci\u00f3n XI al 16 de la Ley para las Personas con Discapacidad del Estado de Puebla.<\/p>\n\n\n\n<p>La iniciativa se turn\u00f3 a las comisiones unidas de Personas con Discapacidad y de Salud para su resoluci\u00f3n procedente.<\/p>\n\n\n\n<p>En otro momento de la sesi\u00f3n, el Pleno dio cuenta y turno a la iniciativa de la diputada Aurora Sierra Rodr\u00edguez quien present\u00f3 reformas con la intenci\u00f3n de establecer en la ley que la \u00abmovilidad limitada\u00bb se refiere a toda persona cuya movilidad sea reducida por motivos de edad, embarazo y alguna otra situaci\u00f3n que, sin ser una discapacidad, requiere una atenci\u00f3n adecuada para la adaptaci\u00f3n de sus necesidades particulares.<\/p>\n\n\n\n<p>Las modificaciones se propusieron al art\u00edculo 18 y se adiciona la fracci\u00f3n XXVIII al art\u00edculo 4 de la Ley para las Personas con Discapacidad del Estado.<br>La propuesta se turn\u00f3 a la Comisi\u00f3n de Personas con Discapacidad para su an\u00e1lisis y resoluci\u00f3n procedente.<\/p>\n\n\n\n<p>Mediante un punto diferente del orden del d\u00eda, se dio lectura y turno a la iniciativa de la diputada Daniela Mier Ba\u00f1uelos que propuso reformas a la fracci\u00f3n XLIII del art\u00edculo 78 de la Ley Org\u00e1nica Municipal para regular la expedici\u00f3n de autorizaciones de las licencias de construcci\u00f3n en el Estado de Puebla, con el fin de proteger y preservar las \u00e1reas naturales protegidas.<\/p>\n\n\n\n<p>La iniciativa se turn\u00f3 a la Comisi\u00f3n de Asuntos Municipales para su an\u00e1lisis y resoluci\u00f3n pertinente.<\/p>\n\n\n\n<p>En esta misma sesi\u00f3n de Pleno rindi\u00f3 protesta, como diputado suplente, Gerardo Hern\u00e1ndez Rojas como integrante de la LXI Legislatura del Congreso del Estado de Puebla.<br>Adem\u00e1s, las y los diputados guardaron un minuto de silencio en memoria del periodista Marco Aurelio Ram\u00edrez Hern\u00e1ndez.<\/p>\n","protected":false},"excerpt":{"rendered":"<p>El Pleno de la LXI Legislatura del Congreso del Estado dio lectura y turno a la iniciativa que present\u00f3 el diputado Jos\u00e9 Miguel Octaviano Huerta Rodr\u00edguez, para que se contemple dentro de la norma estatal que las personas con discapacidad tengan acceso a un certificado de discapacidad expedido conforme a la Ley General de Salud, [&hellip;]<\/p>\n","protected":false},"author":4,"featured_media":27055,"comment_status":"open","ping_status":"open","sticky":false,"template":"","format":"standard","meta":{"om_disable_all_campaigns":false,"_monsterinsights_skip_tracking":false,"_monsterinsights_sitenote_active":false,"_monsterinsights_sitenote_note":"","_monsterinsights_sitenote_category":0,"footnotes":""},"categories":[175],"tags":[227,223],"class_list":["post-27054","post","type-post","status-publish","format-standard","has-post-thumbnail","hentry","category-local","tag-congreso","tag-puebla"],"amp_enabled":true,"_links":{"self":[{"href":"https:\/\/lahora.mx\/index.php\/wp-json\/wp\/v2\/posts\/27054","targetHints":{"allow":["GET"]}}],"collection":[{"href":"https:\/\/lahora.mx\/index.php\/wp-json\/wp\/v2\/posts"}],"about":[{"href":"https:\/\/lahora.mx\/index.php\/wp-json\/wp\/v2\/types\/post"}],"author":[{"embeddable":true,"href":"https:\/\/lahora.mx\/index.php\/wp-json\/wp\/v2\/users\/4"}],"replies":[{"embeddable":true,"href":"https:\/\/lahora.mx\/index.php\/wp-json\/wp\/v2\/comments?post=27054"}],"version-history":[{"count":1,"href":"https:\/\/lahora.mx\/index.php\/wp-json\/wp\/v2\/posts\/27054\/revisions"}],"predecessor-version":[{"id":27056,"href":"https:\/\/lahora.mx\/index.php\/wp-json\/wp\/v2\/posts\/27054\/revisions\/27056"}],"wp:featuredmedia":[{"embeddable":true,"href":"https:\/\/lahora.mx\/index.php\/wp-json\/wp\/v2\/media\/27055"}],"wp:attachment":[{"href":"https:\/\/lahora.mx\/index.php\/wp-json\/wp\/v2\/media?parent=27054"}],"wp:term":[{"taxonomy":"category","embeddable":true,"href":"https:\/\/lahora.mx\/index.php\/wp-json\/wp\/v2\/categories?post=27054"},{"taxonomy":"post_tag","embeddable":true,"href":"https:\/\/lahora.mx\/index.php\/wp-json\/wp\/v2\/tags?post=27054"}],"curies":[{"name":"wp","href":"https:\/\/api.w.org\/{rel}","templated":true}]}}