{"id":27051,"date":"2023-05-26T22:19:17","date_gmt":"2023-05-26T22:19:17","guid":{"rendered":"http:\/\/lahora.mx\/?p=27051"},"modified":"2023-05-26T22:19:18","modified_gmt":"2023-05-26T22:19:18","slug":"asesinato-de-periodista-marco-aurelio-sin-relacion-con-periodismo","status":"publish","type":"post","link":"https:\/\/lahora.mx\/index.php\/2023\/05\/26\/asesinato-de-periodista-marco-aurelio-sin-relacion-con-periodismo\/","title":{"rendered":"Asesinato de periodista Marco Aurelio sin relaci\u00f3n con periodismo"},"content":{"rendered":"\n<p>El presidente de M\u00e9xico Andr\u00e9s Manuel L\u00f3pez Obrador, afirm\u00f3 que el asesinato del periodista Marco Aurelio Ram\u00edrez, en Tehuac\u00e1n, Puebla, nada tiene que ver con el oficio period\u00edstico que realiz\u00f3 por m\u00e1s de 40 d\u00e9cadas.<\/p>\n\n\n\n<p>Durante la ma\u00f1ana de L\u00f3pez Obrador de hoy 26 de mayo, el presidente dej\u00f3 entre ver que la ejecuci\u00f3n de Marco Aurelio Ram\u00edrez en realidad est\u00e1 relacionada con el cargo que ostent\u00f3 durante su paso por la administraci\u00f3n p\u00fablica de aquel municipio y es que Ram\u00edrez fue director de Gobierno y tambi\u00e9n de Seguridad P\u00fablica durante el mandato de Felipe Parjane, ex edil, quien ahora se encuentra preso en el penal de Tepexi.<br>\u201cParece que no tiene que ver con la actividad period\u00edstica reciente, es un asunto, es que fue secretario del Ayuntamiento, pero en eso se est\u00e1 ya\u2026 Una buena persona, esa es la informaci\u00f3n que tenemos, del finado\u201d, se\u00f1al\u00f3 el presidente L\u00f3pez Obrador.<br>De igual forma el presidente revel\u00f3 que el periodista asesinado mantuvo una estrecha amistad con el fallecido exgobernador Miguel Barbosa.<br>\u201cQue conozcan un poco los antecedentes, \u00e9l era muy amigo del finado Miguel Barbosa, acu\u00e9rdense que Miguel Barbosa es de Tehuac\u00e1n, el finado Barbosa se form\u00f3 ah\u00ed en Tehuac\u00e1n, entonces ese se\u00f1or era muy amigo de \u00e9l, de Barbosa y fue secretario del ayuntamiento de Tehuac\u00e1n\u201d.<br>Finalmente, L\u00f3pez Obrador reiter\u00f3 que ya se tienen identificados a los autores materiales del asesinato del periodista Marco Aurelio Ram\u00edrez.<\/p>\n","protected":false},"excerpt":{"rendered":"<p>El presidente de M\u00e9xico Andr\u00e9s Manuel L\u00f3pez Obrador, afirm\u00f3 que el asesinato del periodista Marco Aurelio Ram\u00edrez, en Tehuac\u00e1n, Puebla, nada tiene que ver con el oficio period\u00edstico que realiz\u00f3 por m\u00e1s de 40 d\u00e9cadas. Durante la ma\u00f1ana de L\u00f3pez Obrador de hoy 26 de mayo, el presidente dej\u00f3 entre ver que la ejecuci\u00f3n de [&hellip;]<\/p>\n","protected":false},"author":4,"featured_media":27052,"comment_status":"open","ping_status":"open","sticky":false,"template":"","format":"standard","meta":{"om_disable_all_campaigns":false,"_monsterinsights_skip_tracking":false,"_monsterinsights_sitenote_active":false,"_monsterinsights_sitenote_note":"","_monsterinsights_sitenote_category":0,"footnotes":""},"categories":[176],"tags":[],"class_list":["post-27051","post","type-post","status-publish","format-standard","has-post-thumbnail","hentry","category-nacional"],"amp_enabled":true,"_links":{"self":[{"href":"https:\/\/lahora.mx\/index.php\/wp-json\/wp\/v2\/posts\/27051","targetHints":{"allow":["GET"]}}],"collection":[{"href":"https:\/\/lahora.mx\/index.php\/wp-json\/wp\/v2\/posts"}],"about":[{"href":"https:\/\/lahora.mx\/index.php\/wp-json\/wp\/v2\/types\/post"}],"author":[{"embeddable":true,"href":"https:\/\/lahora.mx\/index.php\/wp-json\/wp\/v2\/users\/4"}],"replies":[{"embeddable":true,"href":"https:\/\/lahora.mx\/index.php\/wp-json\/wp\/v2\/comments?post=27051"}],"version-history":[{"count":1,"href":"https:\/\/lahora.mx\/index.php\/wp-json\/wp\/v2\/posts\/27051\/revisions"}],"predecessor-version":[{"id":27053,"href":"https:\/\/lahora.mx\/index.php\/wp-json\/wp\/v2\/posts\/27051\/revisions\/27053"}],"wp:featuredmedia":[{"embeddable":true,"href":"https:\/\/lahora.mx\/index.php\/wp-json\/wp\/v2\/media\/27052"}],"wp:attachment":[{"href":"https:\/\/lahora.mx\/index.php\/wp-json\/wp\/v2\/media?parent=27051"}],"wp:term":[{"taxonomy":"category","embeddable":true,"href":"https:\/\/lahora.mx\/index.php\/wp-json\/wp\/v2\/categories?post=27051"},{"taxonomy":"post_tag","embeddable":true,"href":"https:\/\/lahora.mx\/index.php\/wp-json\/wp\/v2\/tags?post=27051"}],"curies":[{"name":"wp","href":"https:\/\/api.w.org\/{rel}","templated":true}]}}