{"id":27048,"date":"2023-05-26T22:11:05","date_gmt":"2023-05-26T22:11:05","guid":{"rendered":"http:\/\/lahora.mx\/?p=27048"},"modified":"2023-05-26T22:11:05","modified_gmt":"2023-05-26T22:11:05","slug":"172-casos-de-padecimientos-por-ceniza-en-zona-izta-popo","status":"publish","type":"post","link":"https:\/\/lahora.mx\/index.php\/2023\/05\/26\/172-casos-de-padecimientos-por-ceniza-en-zona-izta-popo\/","title":{"rendered":"172 casos de padecimientos por ceniza en zona Izta-Popo"},"content":{"rendered":"\n<p>Se han reportado 172 atenciones m\u00e9dicas en 84 centros de salud aleda\u00f1os a la regi\u00f3n de la franja del Iztacc\u00edhuatl y Popocat\u00e9petl, as\u00ed lo inform\u00f3 el monitoreo de la Secretar\u00eda de Salud (SSa) de Puebla.<\/p>\n\n\n\n<p>De ese n\u00famero, se detectaron 65 rinitis al\u00e9rgicas, es decir, 94 menos que las reportadas el pasado jueves 25 de mayo. As\u00ed como 39 casos de laringitis; 27 de conjuntivitis; 34 dermatitis y 13 enfermedades diarr\u00e9icas.<br>Respecto a los diferentes Centros de Atenci\u00f3n M\u00e9dica de Emergencias Volc\u00e1nicas (CAMEV), estos solamente registraron tres consultas de alta especialidad sin que hubiera necesidad de haber canalizado a los pacientes a hospitalizaci\u00f3n.<\/p>\n\n\n\n<p>Jos\u00e9 Antonio Mart\u00ednez Garc\u00eda, titular de la SSa Puebla, puntualiz\u00f3 que hasta el momento se han repartido un total de 12 mil 898 kits de prevenci\u00f3n en las poblaciones aleda\u00f1as al volc\u00e1n Popocat\u00e9petl, disponibles en los diferentes centros de salud para aquella poblaci\u00f3n expuesta a la ceniza y que presenten s\u00edntomas de este tipo de enfermedades<br>Las autoridades de Salud contin\u00faan haciendo el llamado a la poblaci\u00f3n a mantener las medidas de precauci\u00f3n, dada la permanencia de la etapa Amarilla Fase 3 del Sem\u00e1foro de Alerta Volc\u00e1nico, recientemente reiterada por el Comit\u00e9 Cient\u00edfico Asesor del Sistema Nacional de Protecci\u00f3n Civil.<\/p>\n\n\n\n<p>Las medidas de precauci\u00f3n son las siguientes:<\/p>\n\n\n\n<p>Protege ojos, nariz y boca en caso de haber necesidad de salir a la intemperie<br>Evitar actividades al aire libre<br>Extremar precauci\u00f3n al manejar, la ceniza reduce la visibilidad y vuelve el pavimento resbaladizo<br>No consumir alimentos en la calle<br>Evitar que la familia entre en contacto con la ceniza<br>En caso de tener mascotas, vigilar que el agua y los alimentos que consumen no se contaminen<\/p>\n","protected":false},"excerpt":{"rendered":"<p>Se han reportado 172 atenciones m\u00e9dicas en 84 centros de salud aleda\u00f1os a la regi\u00f3n de la franja del Iztacc\u00edhuatl y Popocat\u00e9petl, as\u00ed lo inform\u00f3 el monitoreo de la Secretar\u00eda de Salud (SSa) de Puebla. De ese n\u00famero, se detectaron 65 rinitis al\u00e9rgicas, es decir, 94 menos que las reportadas el pasado jueves 25 de [&hellip;]<\/p>\n","protected":false},"author":4,"featured_media":27049,"comment_status":"open","ping_status":"open","sticky":false,"template":"","format":"standard","meta":{"om_disable_all_campaigns":false,"_monsterinsights_skip_tracking":false,"_monsterinsights_sitenote_active":false,"_monsterinsights_sitenote_note":"","_monsterinsights_sitenote_category":0,"footnotes":""},"categories":[176],"tags":[223],"class_list":["post-27048","post","type-post","status-publish","format-standard","has-post-thumbnail","hentry","category-nacional","tag-puebla"],"amp_enabled":true,"_links":{"self":[{"href":"https:\/\/lahora.mx\/index.php\/wp-json\/wp\/v2\/posts\/27048","targetHints":{"allow":["GET"]}}],"collection":[{"href":"https:\/\/lahora.mx\/index.php\/wp-json\/wp\/v2\/posts"}],"about":[{"href":"https:\/\/lahora.mx\/index.php\/wp-json\/wp\/v2\/types\/post"}],"author":[{"embeddable":true,"href":"https:\/\/lahora.mx\/index.php\/wp-json\/wp\/v2\/users\/4"}],"replies":[{"embeddable":true,"href":"https:\/\/lahora.mx\/index.php\/wp-json\/wp\/v2\/comments?post=27048"}],"version-history":[{"count":1,"href":"https:\/\/lahora.mx\/index.php\/wp-json\/wp\/v2\/posts\/27048\/revisions"}],"predecessor-version":[{"id":27050,"href":"https:\/\/lahora.mx\/index.php\/wp-json\/wp\/v2\/posts\/27048\/revisions\/27050"}],"wp:featuredmedia":[{"embeddable":true,"href":"https:\/\/lahora.mx\/index.php\/wp-json\/wp\/v2\/media\/27049"}],"wp:attachment":[{"href":"https:\/\/lahora.mx\/index.php\/wp-json\/wp\/v2\/media?parent=27048"}],"wp:term":[{"taxonomy":"category","embeddable":true,"href":"https:\/\/lahora.mx\/index.php\/wp-json\/wp\/v2\/categories?post=27048"},{"taxonomy":"post_tag","embeddable":true,"href":"https:\/\/lahora.mx\/index.php\/wp-json\/wp\/v2\/tags?post=27048"}],"curies":[{"name":"wp","href":"https:\/\/api.w.org\/{rel}","templated":true}]}}