{"id":27039,"date":"2023-05-26T17:15:31","date_gmt":"2023-05-26T17:15:31","guid":{"rendered":"http:\/\/lahora.mx\/?p=27039"},"modified":"2023-05-26T17:15:31","modified_gmt":"2023-05-26T17:15:31","slug":"amlo-advierte-sobre-el-pago-de-impuestos-en-la-en-compra-de-banamex-si-fuera-despues-de-su-mandato","status":"publish","type":"post","link":"https:\/\/lahora.mx\/index.php\/2023\/05\/26\/amlo-advierte-sobre-el-pago-de-impuestos-en-la-en-compra-de-banamex-si-fuera-despues-de-su-mandato\/","title":{"rendered":"AMLO advierte sobre el pago de impuestos en la en compra de Banamex si fuera despu\u00e9s de su mandato"},"content":{"rendered":"\n<p>El presidente Andr\u00e9s Manuel L\u00f3pez Obrador advirti\u00f3 que, aunque no se lleve a cabo en su gobierno, cuando se venda Banamex se deber\u00e1n de pagar impuestos pues \u201cya no es el tiempo de antes\u201d en donde, afirm\u00f3, las operaciones en bolsa estaban exentas del pago de impuestos.<\/p>\n\n\n\n<p>El mandatario federal se\u00f1al\u00f3 que aunque fue legal, fue \u201cuna inmoralidad\u201d que en el sexenio de Vicente Fox se haya vendido Banamex, entonces propiedad de Roberto Hern\u00e1ndez, a Citigroup sin pagar impuestos pues acus\u00f3 que hubo complicidad.<\/p>\n\n\n\n<p>Se deber\u00e1n de pagar impuestos en compra de Banamex: AMLO<br>\u201cAunque la operaci\u00f3n no se haga ahora, de todas maneras, cuando se lleve a cabo van a pagar impuestos. Ya no es el tiempo de antes en que las operaciones en bolsa estaban exentas del pago de impuestos, lo que hicieron cuando vendieron Banamex a Citigruop, simularon una venta en bolsa y no pagaron los impuestos, pero esto porque hab\u00eda complicidad de los que vendieron Banamex con el gobierno de Fox.<\/p>\n\n\n\n<p>\u201cTienen que pagar el impuesto si lo hacen en esta administraci\u00f3n o cuando se haga, y tambi\u00e9n cuando se haga en bolsa tienen que pagar impuestos\u201d, advirti\u00f3.<br>En conferencia de prensa, el jefe del Ejecutivo federal asegur\u00f3 que si esa operaci\u00f3n se hubiera hecho en Estados Unidos se hubieran tenido que pagar impuestos.<\/p>\n\n\n\n<p>Se\u00f1al\u00f3 que el haber denunciado este hecho le trajo enemistades y reclamos por parte de Roberto Hern\u00e1ndez.<\/p>\n\n\n\n<p>\u201cSi como ahora, se hubiese dado la operaci\u00f3n al rev\u00e9s, si en Estados Unidos, Banamex hubiese comprado Citigroup ten\u00edan que haber pagado, y aqu\u00ed no.<\/p>\n\n\n\n<p>\u201cPor esta denuncia que hicimos en su momento que nos trajo enemistades, diferencias, porque en una reuni\u00f3n en Valle de Bravo que me invitaron de Televisa llegaron empresarios, me reclam\u00f3 Roberto Hern\u00e1ndez y ah\u00ed estaba tambi\u00e9n y me lo reclam\u00f3 y otra cosas Claudio X. Gonz\u00e1lez hijo &#8211; f\u00edjense desde cuando tenemos diferencias &#8211; y me dijeron que era legal, s\u00ed, s\u00ed, s\u00ed, pudo ser legal, pero sin duda es inmoral\u201d, declar\u00f3.<\/p>\n","protected":false},"excerpt":{"rendered":"<p>El presidente Andr\u00e9s Manuel L\u00f3pez Obrador advirti\u00f3 que, aunque no se lleve a cabo en su gobierno, cuando se venda Banamex se deber\u00e1n de pagar impuestos pues \u201cya no es el tiempo de antes\u201d en donde, afirm\u00f3, las operaciones en bolsa estaban exentas del pago de impuestos. El mandatario federal se\u00f1al\u00f3 que aunque fue legal, [&hellip;]<\/p>\n","protected":false},"author":4,"featured_media":27040,"comment_status":"open","ping_status":"open","sticky":false,"template":"","format":"standard","meta":{"om_disable_all_campaigns":false,"_monsterinsights_skip_tracking":false,"_monsterinsights_sitenote_active":false,"_monsterinsights_sitenote_note":"","_monsterinsights_sitenote_category":0,"footnotes":""},"categories":[176],"tags":[],"class_list":["post-27039","post","type-post","status-publish","format-standard","has-post-thumbnail","hentry","category-nacional"],"amp_enabled":true,"_links":{"self":[{"href":"https:\/\/lahora.mx\/index.php\/wp-json\/wp\/v2\/posts\/27039","targetHints":{"allow":["GET"]}}],"collection":[{"href":"https:\/\/lahora.mx\/index.php\/wp-json\/wp\/v2\/posts"}],"about":[{"href":"https:\/\/lahora.mx\/index.php\/wp-json\/wp\/v2\/types\/post"}],"author":[{"embeddable":true,"href":"https:\/\/lahora.mx\/index.php\/wp-json\/wp\/v2\/users\/4"}],"replies":[{"embeddable":true,"href":"https:\/\/lahora.mx\/index.php\/wp-json\/wp\/v2\/comments?post=27039"}],"version-history":[{"count":1,"href":"https:\/\/lahora.mx\/index.php\/wp-json\/wp\/v2\/posts\/27039\/revisions"}],"predecessor-version":[{"id":27041,"href":"https:\/\/lahora.mx\/index.php\/wp-json\/wp\/v2\/posts\/27039\/revisions\/27041"}],"wp:featuredmedia":[{"embeddable":true,"href":"https:\/\/lahora.mx\/index.php\/wp-json\/wp\/v2\/media\/27040"}],"wp:attachment":[{"href":"https:\/\/lahora.mx\/index.php\/wp-json\/wp\/v2\/media?parent=27039"}],"wp:term":[{"taxonomy":"category","embeddable":true,"href":"https:\/\/lahora.mx\/index.php\/wp-json\/wp\/v2\/categories?post=27039"},{"taxonomy":"post_tag","embeddable":true,"href":"https:\/\/lahora.mx\/index.php\/wp-json\/wp\/v2\/tags?post=27039"}],"curies":[{"name":"wp","href":"https:\/\/api.w.org\/{rel}","templated":true}]}}