{"id":26956,"date":"2023-05-24T14:52:14","date_gmt":"2023-05-24T14:52:14","guid":{"rendered":"http:\/\/lahora.mx\/?p=26956"},"modified":"2023-05-25T15:07:57","modified_gmt":"2023-05-25T15:07:57","slug":"hospital-imss-cuautlancingo-se-inunda","status":"publish","type":"post","link":"https:\/\/lahora.mx\/index.php\/2023\/05\/24\/hospital-imss-cuautlancingo-se-inunda\/","title":{"rendered":"Hospital IMSS Cuautlancingo se inunda"},"content":{"rendered":"\n<p>Tras la lluvia registrada la tarde de este jueves, se registr\u00f3 la filtraci\u00f3n de agua al interior del Hospital General de Zona 35 del municipio de Cuautlancingo, Puebla, a causa de la limpieza en tuber\u00edas del techo, inform\u00f3 el Instituto Mexicano del Seguro Social (IMSS).<\/p>\n\n\n\n<p>De acuerdo con material audiovisual compartido desde el interior del nosocomio del IMSS, una gran cantidad de agua cae desde los plafones inundando los pasillos internos.<br>Reportan posible inundaci\u00f3n en instalaciones del hospital del #IMSS en Cuautlancingo, #Puebla; el nosocomio fue inaugurado a inicios de este mes. <br>En respuesta, la representaci\u00f3n del IMSS en Puebla inform\u00f3 que la filtraci\u00f3n de agua tuvo que ver con labores preventivas de limpieza en las tuber\u00edas del techo ante la ca\u00edda de cenizas del volc\u00e1n Popocat\u00e9petl.<br>Adem\u00e1s, descart\u00f3 que se haya registrado alguna falla en las tuber\u00edas de la unidad, por lo cual, inform\u00f3 que el agua fue retirada sin registrar afectaciones a los servicios del hospital, a la seguridad de los derechohabientes ni al equipo m\u00e9dico.<\/p>\n\n\n\n<p>Grieta caus\u00f3 inundaci\u00f3n, acusan<br>En los mismos videos se puede observar que es el propio personal quien maniobra para instalar contenedores a fin de evitar m\u00e1s trasiego, lo cual parece ser insuficiente, ya que el agua alcanza gran parte del pasillo.<\/p>\n\n\n\n<p>Fuentes al interior del nosocomio aseguran que el desperfecto se origin\u00f3 en la zona donde se encuentran los checadores biom\u00e9tricos en donde se encuentra una grieta por la que escurri\u00f3 la gran cantidad de agua.<\/p>\n\n\n\n<p>Ante lo cual, el IMSS report\u00f3 que no se registraron afectaciones a los servicios del hospital, ni a la seguridad de los derechohabientes o al equipo m\u00e9dico.<\/p>\n\n\n\n<p>El diputado federal panista Mario Riestra Pi\u00f1a en sus redes sociales ha dado seguimiento y reportado las condiciones en las que operan algunos hospitales del IMSS. En el caso del reci\u00e9n inaugurado hospital de Cuautlancingo, acus\u00f3 que el estrago se gener\u00f3 por algunas reparaciones que hicieron \u201cde manera incorrecta\u201d.<\/p>\n\n\n\n<p>\u201cNo aguant\u00f3 siquiera 3 meses y ya presenta estos desperfectos\u201d, public\u00f3 el legislador en un par de videos.<\/p>\n\n\n\n<p>HGZ de Cuautlancingo fue inaugurado el 4 de mayo<br>El HGZ 35 de Cuautlancingo fue inaugurado por el director General del IMSS, Zo\u00e9 Robledo Aburto, y por el gobernador de Puebla, Sergio Salom\u00f3n C\u00e9spedes Peregrina, hace 20 d\u00edas.<\/p>\n\n\n\n<p>La puesta en marcha del hospital estuvo acompa\u00f1ada por grandes expectativas, dada la saturaci\u00f3n que presenta la infraestructura del IMSS en Puebla, principalmente por el caso del HGZ 20 en La Margarita, ubicado al sur de la capital de Puebla, y por la construcci\u00f3n del inmueble que sustituir\u00e1 al antiguo Hospital San Alejandro.<\/p>\n\n\n\n<p>De acuerdo con el IMSS Puebla, el nuevo nosocomio tiene proyectada una vida \u00fatil de hasta 40 a\u00f1os y cuya inversi\u00f3n fue de 608 millones de pesos; la edificaci\u00f3n tuvo una duraci\u00f3n de tres meses.<\/p>\n\n\n\n<p>Las operaciones iniciales del Hospital de Cuautlancingo arrancaron con 92 camas censables y 52 camas no censables, cuya capacidad de atenci\u00f3n cubrir\u00eda hasta un total de 100 mil derechohabientes, con una plantilla laboral de m\u00e1s de 980 personas.<\/p>\n","protected":false},"excerpt":{"rendered":"<p>Tras la lluvia registrada la tarde de este jueves, se registr\u00f3 la filtraci\u00f3n de agua al interior del Hospital General de Zona 35 del municipio de Cuautlancingo, Puebla, a causa de la limpieza en tuber\u00edas del techo, inform\u00f3 el Instituto Mexicano del Seguro Social (IMSS). De acuerdo con material audiovisual compartido desde el interior del [&hellip;]<\/p>\n","protected":false},"author":4,"featured_media":26957,"comment_status":"open","ping_status":"open","sticky":false,"template":"","format":"standard","meta":{"om_disable_all_campaigns":false,"_monsterinsights_skip_tracking":false,"_monsterinsights_sitenote_active":false,"_monsterinsights_sitenote_note":"","_monsterinsights_sitenote_category":0,"footnotes":""},"categories":[175],"tags":[223],"class_list":["post-26956","post","type-post","status-publish","format-standard","has-post-thumbnail","hentry","category-local","tag-puebla"],"amp_enabled":true,"_links":{"self":[{"href":"https:\/\/lahora.mx\/index.php\/wp-json\/wp\/v2\/posts\/26956","targetHints":{"allow":["GET"]}}],"collection":[{"href":"https:\/\/lahora.mx\/index.php\/wp-json\/wp\/v2\/posts"}],"about":[{"href":"https:\/\/lahora.mx\/index.php\/wp-json\/wp\/v2\/types\/post"}],"author":[{"embeddable":true,"href":"https:\/\/lahora.mx\/index.php\/wp-json\/wp\/v2\/users\/4"}],"replies":[{"embeddable":true,"href":"https:\/\/lahora.mx\/index.php\/wp-json\/wp\/v2\/comments?post=26956"}],"version-history":[{"count":1,"href":"https:\/\/lahora.mx\/index.php\/wp-json\/wp\/v2\/posts\/26956\/revisions"}],"predecessor-version":[{"id":26958,"href":"https:\/\/lahora.mx\/index.php\/wp-json\/wp\/v2\/posts\/26956\/revisions\/26958"}],"wp:featuredmedia":[{"embeddable":true,"href":"https:\/\/lahora.mx\/index.php\/wp-json\/wp\/v2\/media\/26957"}],"wp:attachment":[{"href":"https:\/\/lahora.mx\/index.php\/wp-json\/wp\/v2\/media?parent=26956"}],"wp:term":[{"taxonomy":"category","embeddable":true,"href":"https:\/\/lahora.mx\/index.php\/wp-json\/wp\/v2\/categories?post=26956"},{"taxonomy":"post_tag","embeddable":true,"href":"https:\/\/lahora.mx\/index.php\/wp-json\/wp\/v2\/tags?post=26956"}],"curies":[{"name":"wp","href":"https:\/\/api.w.org\/{rel}","templated":true}]}}