{"id":26888,"date":"2023-05-24T02:49:52","date_gmt":"2023-05-24T02:49:52","guid":{"rendered":"http:\/\/lahora.mx\/?p=26888"},"modified":"2023-05-24T02:49:54","modified_gmt":"2023-05-24T02:49:54","slug":"alfombras-de-huamantla-podrian-llegar-a-ser-patrimonio-cultural-inmaterial","status":"publish","type":"post","link":"https:\/\/lahora.mx\/index.php\/2023\/05\/24\/alfombras-de-huamantla-podrian-llegar-a-ser-patrimonio-cultural-inmaterial\/","title":{"rendered":"Alfombras de Huamantla podr\u00edan llegar a ser patrimonio cultural inmaterial"},"content":{"rendered":"\n<p>El gobierno del estado, en coordinaci\u00f3n con autoridades federales y municipales, instal\u00f3 la Comisi\u00f3n Comunitaria e Interinstitucional para el proceso de inscripci\u00f3n de las Alfombras y Tapetes de Huamantla en la lista representativa de Patrimonio Cultural Inmaterial de la Organizaci\u00f3n de las Naciones Unidas para la Educaci\u00f3n, la Ciencia y la Cultura (Unesco).<\/p>\n\n\n\n<p>Al respecto, la titular del Ejecutivo local, Lorena Cu\u00e9llar Cisneros tom\u00f3 protesta a la comisi\u00f3n y calific\u00f3 a las alfombras y tapetes como un movimiento social \u201cdonde la fe, la creatividad, la esperanza y la nobleza de sus habitantes est\u00e1n sintetizadas en una hermosa expresi\u00f3n cultural y comunitaria\u201d.<\/p>\n\n\n\n<p>\u201cS\u00e9 que lo vamos a lograr porque en Tlaxcala lo que nos proponemos, lo logramos, as\u00ed que lo vamos a lograr todos juntos; quiero decirles que en este camino no estar\u00e1n solos, que como gobernadora hay muchas cosas que estamos haciendo aqu\u00ed en Huamantla\u201d acot\u00f3.<\/p>\n\n\n\n<p>Asimismo, Cu\u00e9llar Cisneros adelant\u00f3 que pr\u00f3ximamente ser\u00e1n recuperados 223 t\u00edteres de la compa\u00f1\u00eda Rosete Aranda, el terreno para la central de abastos y camionera, as\u00ed como se abrir\u00e1 una sala de cine con la Cineteca Nacional.<\/p>\n\n\n\n<p>En su mensaje, el presidente de la Comisi\u00f3n Nacional del Patrimonio Cultural Inmaterial y director general de Culturas Populares, Ind\u00edgenas y Urbanas de la Secretar\u00eda de Cultura de M\u00e9xico, Jes\u00fas Antonio Rodr\u00edguez Aguirre, ratific\u00f3 el respaldo y compromiso para acompa\u00f1ar en el procedimiento de postulaci\u00f3n.<\/p>\n\n\n\n<p>La restauradora y directora de Patrimonio Mundial del Instituto Nacional de Antropolog\u00eda e Historia (INAH), Luz de Lourdes Herbert Pesquera aplaudi\u00f3 que se unan esfuerzos, voluntades y compromisos para coadyuvar en la decisi\u00f3n comunitaria de reconocer su expresi\u00f3n cultural a nivel nacional e internacional.<\/p>\n\n\n\n<p>Antes, el titular de la Secretar\u00eda de Cultura (SC), Antonio Mart\u00ednez Vel\u00e1zquez detall\u00f3 que los trabajos previos de investigaci\u00f3n y diagn\u00f3stico comenzaron desde el inicio de la administraci\u00f3n y concluyeron a finales de 2022.<\/p>\n\n\n\n<p>Afirm\u00f3 que las autoridades de los diferentes niveles de gobierno le dar\u00e1n seguimiento al proceso durante y despu\u00e9s del registro para lograr y mantener la denominaci\u00f3n, sin embargo, tambi\u00e9n pidi\u00f3 el compromiso de la poblaci\u00f3n.<\/p>\n\n\n\n<p>A su vez, la promotora y artesana de las alfombras y tapetes del municipio, Isabel Aquino Morales refiri\u00f3 que el primer paso que se debe dar es visibilizar la importancia de la participaci\u00f3n comunitaria y articular actividades para rescatar, preservar, difundir y promover la pr\u00e1ctica como expresi\u00f3n de cultura popular.<\/p>\n\n\n\n<p>Por \u00faltimo, el alcalde Juan Salvador Santos Cedillo asegur\u00f3 que el trabajo en equipo ha permitido dar resultados en la demarcaci\u00f3n, pues record\u00f3 que hace un a\u00f1o rompieron el r\u00e9cord Guinness con la alfombra m\u00e1s larga del mundo y confi\u00f3 que en coordinaci\u00f3n con las diferentes autoridades se logre este nuevo objetivo.<\/p>\n","protected":false},"excerpt":{"rendered":"<p>El gobierno del estado, en coordinaci\u00f3n con autoridades federales y municipales, instal\u00f3 la Comisi\u00f3n Comunitaria e Interinstitucional para el proceso de inscripci\u00f3n de las Alfombras y Tapetes de Huamantla en la lista representativa de Patrimonio Cultural Inmaterial de la Organizaci\u00f3n de las Naciones Unidas para la Educaci\u00f3n, la Ciencia y la Cultura (Unesco). Al respecto, [&hellip;]<\/p>\n","protected":false},"author":4,"featured_media":26889,"comment_status":"open","ping_status":"open","sticky":false,"template":"","format":"standard","meta":{"om_disable_all_campaigns":false,"_monsterinsights_skip_tracking":false,"_monsterinsights_sitenote_active":false,"_monsterinsights_sitenote_note":"","_monsterinsights_sitenote_category":0,"footnotes":""},"categories":[175],"tags":[223,210],"class_list":["post-26888","post","type-post","status-publish","format-standard","has-post-thumbnail","hentry","category-local","tag-puebla","tag-tlaxcala"],"amp_enabled":true,"_links":{"self":[{"href":"https:\/\/lahora.mx\/index.php\/wp-json\/wp\/v2\/posts\/26888","targetHints":{"allow":["GET"]}}],"collection":[{"href":"https:\/\/lahora.mx\/index.php\/wp-json\/wp\/v2\/posts"}],"about":[{"href":"https:\/\/lahora.mx\/index.php\/wp-json\/wp\/v2\/types\/post"}],"author":[{"embeddable":true,"href":"https:\/\/lahora.mx\/index.php\/wp-json\/wp\/v2\/users\/4"}],"replies":[{"embeddable":true,"href":"https:\/\/lahora.mx\/index.php\/wp-json\/wp\/v2\/comments?post=26888"}],"version-history":[{"count":1,"href":"https:\/\/lahora.mx\/index.php\/wp-json\/wp\/v2\/posts\/26888\/revisions"}],"predecessor-version":[{"id":26890,"href":"https:\/\/lahora.mx\/index.php\/wp-json\/wp\/v2\/posts\/26888\/revisions\/26890"}],"wp:featuredmedia":[{"embeddable":true,"href":"https:\/\/lahora.mx\/index.php\/wp-json\/wp\/v2\/media\/26889"}],"wp:attachment":[{"href":"https:\/\/lahora.mx\/index.php\/wp-json\/wp\/v2\/media?parent=26888"}],"wp:term":[{"taxonomy":"category","embeddable":true,"href":"https:\/\/lahora.mx\/index.php\/wp-json\/wp\/v2\/categories?post=26888"},{"taxonomy":"post_tag","embeddable":true,"href":"https:\/\/lahora.mx\/index.php\/wp-json\/wp\/v2\/tags?post=26888"}],"curies":[{"name":"wp","href":"https:\/\/api.w.org\/{rel}","templated":true}]}}