{"id":26844,"date":"2023-05-23T15:34:19","date_gmt":"2023-05-23T15:34:19","guid":{"rendered":"http:\/\/lahora.mx\/?p=26844"},"modified":"2023-05-23T15:34:41","modified_gmt":"2023-05-23T15:34:41","slug":"imss-puebla-advierte-sobre-sinusitis-y-neumonia-volcanica-por-ceniza-del-popocatepetl","status":"publish","type":"post","link":"https:\/\/lahora.mx\/index.php\/2023\/05\/23\/imss-puebla-advierte-sobre-sinusitis-y-neumonia-volcanica-por-ceniza-del-popocatepetl\/","title":{"rendered":"IMSS Puebla advierte sobre sinusitis y neumon\u00eda volc\u00e1nica por ceniza del Popocat\u00e9petl"},"content":{"rendered":"\n<p>La delegaci\u00f3n estatal del IMSS en Puebla advirti\u00f3 a la poblaci\u00f3n que derivado de la actividad del volc\u00e1n Popocat\u00e9petl podr\u00eda aumentar padecimientos de sinusitis y neumon\u00eda volc\u00e1nica, tanto en quienes padecen patolog\u00edas oft\u00e1lmicas u otorrinolaring\u00f3logas, como aquellas personas que en apariencia no padecen ninguna de esas predisposiciones m\u00e9dicas.<\/p>\n\n\n\n<p>En rueda de prensa, especialistas de la delegaci\u00f3n estatal del IMSS en Puebla pidieron a la sociedad seguir las medidas y recomendaciones emitidas por las autoridades de salud para prevenir da\u00f1os al organismo ante la persistente actividad del volc\u00e1n Popocat\u00e9petl en los \u00faltimos d\u00edas y horas.<br>Asimismo, recomendaron el uso correcto de cubrebocas, careta y evitar actividades al aire libre, a fin de reducir riesgos ante la exposici\u00f3n a las emisiones volc\u00e1nicas, pero tambi\u00e9n lo son h\u00e1bitos como la lubricaci\u00f3n de ojos, as\u00ed como limpieza constante de nariz y lagrimales.<\/p>\n\n\n\n<p>Al respecto, Coral Garc\u00eda Serrano, especialista otorrinolaring\u00f3loga del Instituto Mexicano del Seguro Social en Puebla, dijo que los da\u00f1os a la salud que podr\u00edan originarse no s\u00f3lo son ocasionados por las cenizas, tambi\u00e9n por los diferentes componentes qu\u00edmicos que expulsa el Popocat\u00e9petl.<\/p>\n\n\n\n<p>Uno de ellos es el mineral s\u00edlice, compuesto de silicio y ox\u00edgeno (SiO2), bisulfato de cadmio (CdSO4), potasio, plomo y vapor de agua, mismos que, entre cuyas propiedades son la no disoluci\u00f3n con agua, al petrificarse pueden quedarse en componentes del organismo humano.<\/p>\n\n\n\n<p>Derivado de la suspensi\u00f3n de las part\u00edculas de dichos componentes qu\u00edmicos en el ambiente, pueden llegar a ingresar al cuerpo humano a trav\u00e9s de ojos, nariz y boca.<\/p>\n\n\n\n<p>Ante lo cual, la especialista que advirti\u00f3 podr\u00eda elevar los \u00edndices de enfermedades como la sinusitis y la neumon\u00eda volc\u00e1nica, que de acuerdo con la comunidad m\u00e9dica se produce ante la exposici\u00f3n a las emisiones de explosiones y erupciones.<\/p>\n\n\n\n<p>Una vez ingresadas en el cuerpo, las part\u00edculas pueden permanecer en faringe, am\u00edgdalas, laringe, tr\u00e1quea, pulmones y sus respectivos alv\u00e9olos, y derivar en rinitis al\u00e9rgica.<\/p>\n\n\n\n<p>Dada la conexi\u00f3n de sistemas y \u00f3rganos, las infecciones podr\u00edan trasladarse hacia las trompas de Eustaquio, alojadas al interior de las orejas, lo que originar\u00eda una otitis media.<\/p>\n\n\n\n<p>Por ello, Coral Garc\u00eda Cano llam\u00f3 a reforzar las medidas preventivas no solamente en aquellas cuyas predisposiciones los hacen m\u00e1s vulnerables como quienes padecen enfermedades pulmonar obstructiva cr\u00f3nica como asma o fumadores, tambi\u00e9n a menores de edad y personas de la tercera edad. Adem\u00e1s de aquellas personas que por su trabajo forzosamente deben estar en constante exposici\u00f3n a las emisiones volc\u00e1nicas.<\/p>\n\n\n\n<p>A su vez, Jorge Guti\u00e9rrez Ponce, cirujano oftalm\u00f3logo del Hospital de Especialidades M\u00e9dicas Manuel \u00c1vila Camacho, conocido como San Jos\u00e9, dijo que la exposici\u00f3n a los componentes qu\u00edmicos volc\u00e1nicos pueden exacerbar los s\u00edntomas de quienes padecen patolog\u00edas relativas a los ojos.<\/p>\n\n\n\n<p>Pero al igual que su compa\u00f1era especialista, reiter\u00f3 que aquellas personas sin padecimientos aparentes podr\u00edan presentar irritaci\u00f3n en los ojos ocasionando da\u00f1o a futuro.<\/p>\n\n\n\n<p>Lo anterior ya que en caso de que las part\u00edculas como la ceniza ingresen al ojo, la comez\u00f3n generada puede llevar a algunas personas a tallarse dichos \u00f3rganos, provocando un efecto de lija, generando abrasiones en los mismos.<\/p>\n\n\n\n<p>Por lo cual, recomend\u00f3 una vez al haber entrado en contacto con las arenillas, los ojos deben ser lavados con agua pura tan pronto como sea posible para evitar que con el tiempo los lagrimales se tapen.<\/p>\n\n\n\n<p>En su caso, se sugiere a quienes ya tengan diagnosticados padecimientos asociados a los ojos, buscar orientaci\u00f3n m\u00e9dica para conocer cu\u00e1l es el tipo de lubricante id\u00f3neo para reducir la irritaci\u00f3n.<\/p>\n\n\n\n<p>Ambos especialistas reiteraron que el reciente incremento de la actividad volc\u00e1nica no es un fen\u00f3meno actual, por lo que es importante aprender a convivir con el Popocat\u00e9petl, considerando todas las recomendaciones de salud.<\/p>\n","protected":false},"excerpt":{"rendered":"<p>La delegaci\u00f3n estatal del IMSS en Puebla advirti\u00f3 a la poblaci\u00f3n que derivado de la actividad del volc\u00e1n Popocat\u00e9petl podr\u00eda aumentar padecimientos de sinusitis y neumon\u00eda volc\u00e1nica, tanto en quienes padecen patolog\u00edas oft\u00e1lmicas u otorrinolaring\u00f3logas, como aquellas personas que en apariencia no padecen ninguna de esas predisposiciones m\u00e9dicas. En rueda de prensa, especialistas de la [&hellip;]<\/p>\n","protected":false},"author":4,"featured_media":26845,"comment_status":"open","ping_status":"open","sticky":false,"template":"","format":"standard","meta":{"om_disable_all_campaigns":false,"_monsterinsights_skip_tracking":false,"_monsterinsights_sitenote_active":false,"_monsterinsights_sitenote_note":"","_monsterinsights_sitenote_category":0,"footnotes":""},"categories":[175],"tags":[223],"class_list":["post-26844","post","type-post","status-publish","format-standard","has-post-thumbnail","hentry","category-local","tag-puebla"],"amp_enabled":true,"_links":{"self":[{"href":"https:\/\/lahora.mx\/index.php\/wp-json\/wp\/v2\/posts\/26844","targetHints":{"allow":["GET"]}}],"collection":[{"href":"https:\/\/lahora.mx\/index.php\/wp-json\/wp\/v2\/posts"}],"about":[{"href":"https:\/\/lahora.mx\/index.php\/wp-json\/wp\/v2\/types\/post"}],"author":[{"embeddable":true,"href":"https:\/\/lahora.mx\/index.php\/wp-json\/wp\/v2\/users\/4"}],"replies":[{"embeddable":true,"href":"https:\/\/lahora.mx\/index.php\/wp-json\/wp\/v2\/comments?post=26844"}],"version-history":[{"count":1,"href":"https:\/\/lahora.mx\/index.php\/wp-json\/wp\/v2\/posts\/26844\/revisions"}],"predecessor-version":[{"id":26846,"href":"https:\/\/lahora.mx\/index.php\/wp-json\/wp\/v2\/posts\/26844\/revisions\/26846"}],"wp:featuredmedia":[{"embeddable":true,"href":"https:\/\/lahora.mx\/index.php\/wp-json\/wp\/v2\/media\/26845"}],"wp:attachment":[{"href":"https:\/\/lahora.mx\/index.php\/wp-json\/wp\/v2\/media?parent=26844"}],"wp:term":[{"taxonomy":"category","embeddable":true,"href":"https:\/\/lahora.mx\/index.php\/wp-json\/wp\/v2\/categories?post=26844"},{"taxonomy":"post_tag","embeddable":true,"href":"https:\/\/lahora.mx\/index.php\/wp-json\/wp\/v2\/tags?post=26844"}],"curies":[{"name":"wp","href":"https:\/\/api.w.org\/{rel}","templated":true}]}}