{"id":26838,"date":"2023-05-23T15:22:08","date_gmt":"2023-05-23T15:22:08","guid":{"rendered":"http:\/\/lahora.mx\/?p=26838"},"modified":"2023-05-23T15:22:08","modified_gmt":"2023-05-23T15:22:08","slug":"cede-contingencia-por-ceniza-no-se-aplicara-el-hoy-no-circula-en-puebla","status":"publish","type":"post","link":"https:\/\/lahora.mx\/index.php\/2023\/05\/23\/cede-contingencia-por-ceniza-no-se-aplicara-el-hoy-no-circula-en-puebla\/","title":{"rendered":"Cede contingencia por ceniza  no se aplicar\u00e1 el Hoy no Circula en Puebla"},"content":{"rendered":"\n<p>El gobierno del estado anunci\u00f3 que se rompi\u00f3 la cadena de mala calidad del aire que se ten\u00eda, por lo que no ser\u00e1 necesario implementar el programa Hoy No Circula.<\/p>\n\n\n\n<p>De acuerdo con el comunicado emitido por el gobierno del estado la entidad tuvo 34 horas de mala calidad del aire y no 48 que son las requeridas para implementar dicho programa.<\/p>\n\n\n\n<p>mejora calidad aire puebla comunicado gobierno estado<\/p>\n\n\n\n<p>En este sentido, el documento se\u00f1ala que fue alrededor de las 17:00 horas cuando se rompi\u00f3 con esta racha de mala calidad del aire y se determin\u00f3 no implementar el Hoy No Circula.<\/p>\n\n\n\n<p>\u201cLas part\u00edculas PM 10, polvo fino generado por ceniza volc\u00e1nica, actividad industrial y uso de veh\u00edculos, se redujeron en el medio ambiente y bajaron de los 100 puntos en el \u00cdndice de la Calidad del Aire (ICA) en cuatro de las cinco estaciones de monitoreo, sin llegar a las 48 horas de acuerdo con la normatividad para decretar contingencia\u201d, cit\u00f3 el comunicado<\/p>\n\n\n\n<p>mejora calidad aire puebla beatriz manriquez<\/p>\n\n\n\n<p>Hay que recordar que esta ma\u00f1ana la secretaria de Medio Ambiente Beatriz Manrique alert\u00f3 sobre la posible necesidad de sacar algunos veh\u00edculos de circulaci\u00f3n.<\/p>\n","protected":false},"excerpt":{"rendered":"<p>El gobierno del estado anunci\u00f3 que se rompi\u00f3 la cadena de mala calidad del aire que se ten\u00eda, por lo que no ser\u00e1 necesario implementar el programa Hoy No Circula. De acuerdo con el comunicado emitido por el gobierno del estado la entidad tuvo 34 horas de mala calidad del aire y no 48 que [&hellip;]<\/p>\n","protected":false},"author":4,"featured_media":26839,"comment_status":"open","ping_status":"open","sticky":false,"template":"","format":"standard","meta":{"om_disable_all_campaigns":false,"_monsterinsights_skip_tracking":false,"_monsterinsights_sitenote_active":false,"_monsterinsights_sitenote_note":"","_monsterinsights_sitenote_category":0,"footnotes":""},"categories":[175],"tags":[195,223],"class_list":["post-26838","post","type-post","status-publish","format-standard","has-post-thumbnail","hentry","category-local","tag-principal","tag-puebla"],"amp_enabled":true,"_links":{"self":[{"href":"https:\/\/lahora.mx\/index.php\/wp-json\/wp\/v2\/posts\/26838","targetHints":{"allow":["GET"]}}],"collection":[{"href":"https:\/\/lahora.mx\/index.php\/wp-json\/wp\/v2\/posts"}],"about":[{"href":"https:\/\/lahora.mx\/index.php\/wp-json\/wp\/v2\/types\/post"}],"author":[{"embeddable":true,"href":"https:\/\/lahora.mx\/index.php\/wp-json\/wp\/v2\/users\/4"}],"replies":[{"embeddable":true,"href":"https:\/\/lahora.mx\/index.php\/wp-json\/wp\/v2\/comments?post=26838"}],"version-history":[{"count":1,"href":"https:\/\/lahora.mx\/index.php\/wp-json\/wp\/v2\/posts\/26838\/revisions"}],"predecessor-version":[{"id":26840,"href":"https:\/\/lahora.mx\/index.php\/wp-json\/wp\/v2\/posts\/26838\/revisions\/26840"}],"wp:featuredmedia":[{"embeddable":true,"href":"https:\/\/lahora.mx\/index.php\/wp-json\/wp\/v2\/media\/26839"}],"wp:attachment":[{"href":"https:\/\/lahora.mx\/index.php\/wp-json\/wp\/v2\/media?parent=26838"}],"wp:term":[{"taxonomy":"category","embeddable":true,"href":"https:\/\/lahora.mx\/index.php\/wp-json\/wp\/v2\/categories?post=26838"},{"taxonomy":"post_tag","embeddable":true,"href":"https:\/\/lahora.mx\/index.php\/wp-json\/wp\/v2\/tags?post=26838"}],"curies":[{"name":"wp","href":"https:\/\/api.w.org\/{rel}","templated":true}]}}