{"id":26835,"date":"2023-05-23T15:16:58","date_gmt":"2023-05-23T15:16:58","guid":{"rendered":"http:\/\/lahora.mx\/?p=26835"},"modified":"2023-05-23T15:16:59","modified_gmt":"2023-05-23T15:16:59","slug":"se-reanudan-operaciones-el-aeropuerto-internacional-hermanos-serdan","status":"publish","type":"post","link":"https:\/\/lahora.mx\/index.php\/2023\/05\/23\/se-reanudan-operaciones-el-aeropuerto-internacional-hermanos-serdan\/","title":{"rendered":"Se reanudan operaciones el Aeropuerto Internacional Hermanos Serd\u00e1n"},"content":{"rendered":"\n<p>Las operaciones del Aeropuerto Hermanos Serd\u00e1n se reanudaron, as\u00ed lo inform\u00f3 el gobernador Sergio Salom\u00f3n C\u00e9spedes, pues al momento solo se realizan labores de limpieza sobre las plataformas.<\/p>\n\n\n\n<p>A trav\u00e9s de redes sociales C\u00e9spedes Peregrina confirm\u00f3 que se retomaron las actividades del aer\u00f3dromo ubicado en Huejotzingo y pidi\u00f3 mantenerse informado sobre esta situaci\u00f3n.<\/p>\n\n\n\n<p>En este sentido el gobernador anunci\u00f3 que solo se encuentran realizando algunos labores de limpieza de las diferentes plataformas, pero contin\u00faa en pie las operaciones.<\/p>\n\n\n\n<p>Hay que recordar que ayer por la tarde se cancelaron las actividades del Aeropuerto Hermanos Serd\u00e1n, debido a la constante ca\u00edda de ceniza provocada por la actividad del volc\u00e1n Popocat\u00e9petl.<\/p>\n","protected":false},"excerpt":{"rendered":"<p>Las operaciones del Aeropuerto Hermanos Serd\u00e1n se reanudaron, as\u00ed lo inform\u00f3 el gobernador Sergio Salom\u00f3n C\u00e9spedes, pues al momento solo se realizan labores de limpieza sobre las plataformas. A trav\u00e9s de redes sociales C\u00e9spedes Peregrina confirm\u00f3 que se retomaron las actividades del aer\u00f3dromo ubicado en Huejotzingo y pidi\u00f3 mantenerse informado sobre esta situaci\u00f3n. En este [&hellip;]<\/p>\n","protected":false},"author":4,"featured_media":26836,"comment_status":"open","ping_status":"open","sticky":false,"template":"","format":"standard","meta":{"om_disable_all_campaigns":false,"_monsterinsights_skip_tracking":false,"_monsterinsights_sitenote_active":false,"_monsterinsights_sitenote_note":"","_monsterinsights_sitenote_category":0,"footnotes":""},"categories":[175],"tags":[223],"class_list":["post-26835","post","type-post","status-publish","format-standard","has-post-thumbnail","hentry","category-local","tag-puebla"],"amp_enabled":true,"_links":{"self":[{"href":"https:\/\/lahora.mx\/index.php\/wp-json\/wp\/v2\/posts\/26835","targetHints":{"allow":["GET"]}}],"collection":[{"href":"https:\/\/lahora.mx\/index.php\/wp-json\/wp\/v2\/posts"}],"about":[{"href":"https:\/\/lahora.mx\/index.php\/wp-json\/wp\/v2\/types\/post"}],"author":[{"embeddable":true,"href":"https:\/\/lahora.mx\/index.php\/wp-json\/wp\/v2\/users\/4"}],"replies":[{"embeddable":true,"href":"https:\/\/lahora.mx\/index.php\/wp-json\/wp\/v2\/comments?post=26835"}],"version-history":[{"count":1,"href":"https:\/\/lahora.mx\/index.php\/wp-json\/wp\/v2\/posts\/26835\/revisions"}],"predecessor-version":[{"id":26837,"href":"https:\/\/lahora.mx\/index.php\/wp-json\/wp\/v2\/posts\/26835\/revisions\/26837"}],"wp:featuredmedia":[{"embeddable":true,"href":"https:\/\/lahora.mx\/index.php\/wp-json\/wp\/v2\/media\/26836"}],"wp:attachment":[{"href":"https:\/\/lahora.mx\/index.php\/wp-json\/wp\/v2\/media?parent=26835"}],"wp:term":[{"taxonomy":"category","embeddable":true,"href":"https:\/\/lahora.mx\/index.php\/wp-json\/wp\/v2\/categories?post=26835"},{"taxonomy":"post_tag","embeddable":true,"href":"https:\/\/lahora.mx\/index.php\/wp-json\/wp\/v2\/tags?post=26835"}],"curies":[{"name":"wp","href":"https:\/\/api.w.org\/{rel}","templated":true}]}}