{"id":26828,"date":"2023-05-23T01:57:11","date_gmt":"2023-05-23T01:57:11","guid":{"rendered":"http:\/\/lahora.mx\/?p=26828"},"modified":"2023-05-23T02:01:09","modified_gmt":"2023-05-23T02:01:09","slug":"rutas-de-evacuacion-del-popocatepetl-son-recorridas-por-el-gobernador-sergio-salomon-y-laura-velazquez","status":"publish","type":"post","link":"https:\/\/lahora.mx\/index.php\/2023\/05\/23\/rutas-de-evacuacion-del-popocatepetl-son-recorridas-por-el-gobernador-sergio-salomon-y-laura-velazquez\/","title":{"rendered":"Rutas de evacuaci\u00f3n del Popocat\u00e9petl son recorridas por el gobernador Sergio Salom\u00f3n y Laura Vel\u00e1zquez"},"content":{"rendered":"\n<p>El gobernador de Puebla, Sergio Salom\u00f3n C\u00e9spedes Peregrina, y la coordinadora nacional de Protecci\u00f3n Civil, Laura Vel\u00e1zquez Alz\u00faa, realizan un recorrido por las rutas de evacuaci\u00f3n del Popocat\u00e9petl para verificar sus condiciones.<\/p>\n\n\n\n<p>En Santiago Xalitzintla, comunidad ubicada a 12 kil\u00f3metros del cr\u00e1ter, el mandatario poblano se dirigi\u00f3 a los pobladores y les asegur\u00f3 que las autoridades estatales cuentan con los protocolos para actuar en caso de una emergencia ocasionada por el volc\u00e1n.<\/p>\n\n\n\n<p>Reiter\u00f3 que el Gobierno de Puebla mantendr\u00e1 informada a la poblaci\u00f3n sobre la situaci\u00f3n del \u201cPopo\u00bb, que este 21 de mayo cambi\u00f3 el Sem\u00e1foro de Alerta Volc\u00e1nica a Amarillo Fase 3.<\/p>\n\n\n\n<p>Por su parte Laura Vel\u00e1zquez Alz\u00faa, coordinadora nacional de Protecci\u00f3n Civil, dijo que de 573 explosiones registradas, solamente tres son consideradas grandes.<\/p>\n","protected":false},"excerpt":{"rendered":"<p>El gobernador de Puebla, Sergio Salom\u00f3n C\u00e9spedes Peregrina, y la coordinadora nacional de Protecci\u00f3n Civil, Laura Vel\u00e1zquez Alz\u00faa, realizan un recorrido por las rutas de evacuaci\u00f3n del Popocat\u00e9petl para verificar sus condiciones. En Santiago Xalitzintla, comunidad ubicada a 12 kil\u00f3metros del cr\u00e1ter, el mandatario poblano se dirigi\u00f3 a los pobladores y les asegur\u00f3 que las [&hellip;]<\/p>\n","protected":false},"author":4,"featured_media":26834,"comment_status":"open","ping_status":"open","sticky":false,"template":"","format":"standard","meta":{"om_disable_all_campaigns":false,"_monsterinsights_skip_tracking":false,"_monsterinsights_sitenote_active":false,"_monsterinsights_sitenote_note":"","_monsterinsights_sitenote_category":0,"footnotes":""},"categories":[175],"tags":[223],"class_list":["post-26828","post","type-post","status-publish","format-standard","has-post-thumbnail","hentry","category-local","tag-puebla"],"amp_enabled":true,"_links":{"self":[{"href":"https:\/\/lahora.mx\/index.php\/wp-json\/wp\/v2\/posts\/26828","targetHints":{"allow":["GET"]}}],"collection":[{"href":"https:\/\/lahora.mx\/index.php\/wp-json\/wp\/v2\/posts"}],"about":[{"href":"https:\/\/lahora.mx\/index.php\/wp-json\/wp\/v2\/types\/post"}],"author":[{"embeddable":true,"href":"https:\/\/lahora.mx\/index.php\/wp-json\/wp\/v2\/users\/4"}],"replies":[{"embeddable":true,"href":"https:\/\/lahora.mx\/index.php\/wp-json\/wp\/v2\/comments?post=26828"}],"version-history":[{"count":1,"href":"https:\/\/lahora.mx\/index.php\/wp-json\/wp\/v2\/posts\/26828\/revisions"}],"predecessor-version":[{"id":26830,"href":"https:\/\/lahora.mx\/index.php\/wp-json\/wp\/v2\/posts\/26828\/revisions\/26830"}],"wp:featuredmedia":[{"embeddable":true,"href":"https:\/\/lahora.mx\/index.php\/wp-json\/wp\/v2\/media\/26834"}],"wp:attachment":[{"href":"https:\/\/lahora.mx\/index.php\/wp-json\/wp\/v2\/media?parent=26828"}],"wp:term":[{"taxonomy":"category","embeddable":true,"href":"https:\/\/lahora.mx\/index.php\/wp-json\/wp\/v2\/categories?post=26828"},{"taxonomy":"post_tag","embeddable":true,"href":"https:\/\/lahora.mx\/index.php\/wp-json\/wp\/v2\/tags?post=26828"}],"curies":[{"name":"wp","href":"https:\/\/api.w.org\/{rel}","templated":true}]}}