{"id":26825,"date":"2023-05-23T01:55:03","date_gmt":"2023-05-23T01:55:03","guid":{"rendered":"http:\/\/lahora.mx\/?p=26825"},"modified":"2023-05-23T01:55:03","modified_gmt":"2023-05-23T01:55:03","slug":"nuevas-restricciones-en-tianguis-de-puebla-por-ceniza-del-popocatepetl","status":"publish","type":"post","link":"https:\/\/lahora.mx\/index.php\/2023\/05\/23\/nuevas-restricciones-en-tianguis-de-puebla-por-ceniza-del-popocatepetl\/","title":{"rendered":"Nuevas restricciones en Tianguis de Puebla, por ceniza del Popocat\u00e9petl"},"content":{"rendered":"\n<p>Debido a la actividad del volc\u00e1n Popocat\u00e9petl, los tianguis que se instalan en los diversos municipios de la entidad poblana, podr\u00e1n seguir funcionando, pero se deber\u00e1 evitar la elaboraci\u00f3n de alimentos al aire libre, inform\u00f3 el gobernador del estado, Sergio Salom\u00f3n C\u00e9spedes Peregrina.<\/p>\n\n\n\n<p>En rueda de prensa, indic\u00f3 que los tianguis que est\u00e9n techados o con lonas podr\u00e1n continuar con sus actividades cotidianas; sin embargo, no podr\u00e1n vender comida en la calle por la constante ca\u00edda de ceniza del volc\u00e1n Popocat\u00e9petl.<br>Asimismo, el mandatario estatal a\u00f1adi\u00f3 que el comit\u00e9 est\u00e1 sesionando de manera constante para generar las condiciones necesarias en caso de que se deba ajustar el sem\u00e1foro volc\u00e1nico a Rojo 1, ya que por el momento s\u00f3lo hay contingencia por la ca\u00edda de ceniza del Popocat\u00e9petl y no por un tema de erupci\u00f3n.<\/p>\n\n\n\n<p>Al respecto, Laura Vel\u00e1zquez Alz\u00faa, titular de la Coordinaci\u00f3n Nacional de Protecci\u00f3n Civil (CNPC), inform\u00f3 que recorri\u00f3 las 42 rutas de evacuaci\u00f3n y dijo que el Comit\u00e9 Asesor del volc\u00e1n Popocat\u00e9petl determin\u00f3 que se mantiene la alerta volc\u00e1nica en Amarillo Fase 3.<\/p>\n\n\n\n<p>La funcionaria federal agreg\u00f3 que revisar las rutas de evacuaci\u00f3n permiti\u00f3 constatar que est\u00e1n en buenas condiciones, pero se debe mejorar la se\u00f1al\u00e9tica.<\/p>\n\n\n\n<p>Las 42 rutas identificadas suman un total de mil 279 kil\u00f3metros \u201cy al conocerlas, se permite generar planes de acci\u00f3n conjunta e implementar acciones para la mejorarlas\u201d, dijo Vel\u00e1zquez Alz\u00faa.<br>A\u00f1adi\u00f3 que hay 450 refugios temporales que cuentan con insumos, colchonetas y lo que se requiere para atender a la poblaci\u00f3n en caso de evacuaci\u00f3n.<\/p>\n\n\n\n<p>De acuerdo con la Coordinaci\u00f3n Estatal de Protecci\u00f3n Civil, en Puebla hay seis municipios que se encuentran en la zona de \u201cpeligro mayor\u201d por su cercan\u00eda con el volc\u00e1n Popocat\u00e9petl, lo que representa una poblaci\u00f3n en riesgo de 56 mil 394 habitantes.<\/p>\n\n\n\n<p>Las comunidades con mayor riesgo son:<\/p>\n\n\n\n<p>San Mateo Ozolco, con una poblaci\u00f3n de 2 mil 890 personas pertenecientes al municipio de Calpan, as\u00ed como Santiago Xalitzintla, con 2 mil 30 pobladores; San Nicol\u00e1s de los Ranchos, con 6 mil 434; San Pedro Yancuitlalpan, con 2 mil 932, las cuales se ubican en el municipio de San Nicol\u00e1s de los Ranchos.<\/p>\n\n\n\n<p>En San Pedro Atlixco hay mil 269 habitantes y en San Baltazar Atlimeyaya mil 305, ambas pertenecen al municipio de San Juan Tianguismanalco.<\/p>\n\n\n\n<p>En el municipio de Atlixco se encuentran las comunidades de Metepec donde habitan 5 mil 478 personas; en San Pedro Benito Ju\u00e1rez, 3 mil 302 habitantes; San Juan Ocotepec, 975 habitantes; colonia Agr\u00edcola Ocotepec con 2 mil 190; Guadalupe Huexocoapan, 533; San Miguel Ayala, 2 mil 577 y San Jer\u00f3nimo Ocoyula, 5 mil 173.<\/p>\n\n\n\n<p>Tochimilco cuenta con 3 mil 676 pobladores, a dicho municipio pertenecen: La Magdalena Yancuitlalpan con 2 mil 460; Santa Catalina Cuilotepec, 508; Santa Catalina Tepanapa, 777; San Mart\u00edn Zacatempa, 907; San Miguel Tecuanipa, mil 649; Santiago Tochimizolco, 857; San Francisco Huilango, mil 49; Santa Cruz Cuautomatitla, mil 469 y San Antonio Alpanocan, 3 mil 267.<\/p>\n","protected":false},"excerpt":{"rendered":"<p>Debido a la actividad del volc\u00e1n Popocat\u00e9petl, los tianguis que se instalan en los diversos municipios de la entidad poblana, podr\u00e1n seguir funcionando, pero se deber\u00e1 evitar la elaboraci\u00f3n de alimentos al aire libre, inform\u00f3 el gobernador del estado, Sergio Salom\u00f3n C\u00e9spedes Peregrina. En rueda de prensa, indic\u00f3 que los tianguis que est\u00e9n techados o [&hellip;]<\/p>\n","protected":false},"author":4,"featured_media":26826,"comment_status":"open","ping_status":"open","sticky":false,"template":"","format":"standard","meta":{"om_disable_all_campaigns":false,"_monsterinsights_skip_tracking":false,"_monsterinsights_sitenote_active":false,"_monsterinsights_sitenote_note":"","_monsterinsights_sitenote_category":0,"footnotes":""},"categories":[175],"tags":[195,223],"class_list":["post-26825","post","type-post","status-publish","format-standard","has-post-thumbnail","hentry","category-local","tag-principal","tag-puebla"],"amp_enabled":true,"_links":{"self":[{"href":"https:\/\/lahora.mx\/index.php\/wp-json\/wp\/v2\/posts\/26825","targetHints":{"allow":["GET"]}}],"collection":[{"href":"https:\/\/lahora.mx\/index.php\/wp-json\/wp\/v2\/posts"}],"about":[{"href":"https:\/\/lahora.mx\/index.php\/wp-json\/wp\/v2\/types\/post"}],"author":[{"embeddable":true,"href":"https:\/\/lahora.mx\/index.php\/wp-json\/wp\/v2\/users\/4"}],"replies":[{"embeddable":true,"href":"https:\/\/lahora.mx\/index.php\/wp-json\/wp\/v2\/comments?post=26825"}],"version-history":[{"count":1,"href":"https:\/\/lahora.mx\/index.php\/wp-json\/wp\/v2\/posts\/26825\/revisions"}],"predecessor-version":[{"id":26827,"href":"https:\/\/lahora.mx\/index.php\/wp-json\/wp\/v2\/posts\/26825\/revisions\/26827"}],"wp:featuredmedia":[{"embeddable":true,"href":"https:\/\/lahora.mx\/index.php\/wp-json\/wp\/v2\/media\/26826"}],"wp:attachment":[{"href":"https:\/\/lahora.mx\/index.php\/wp-json\/wp\/v2\/media?parent=26825"}],"wp:term":[{"taxonomy":"category","embeddable":true,"href":"https:\/\/lahora.mx\/index.php\/wp-json\/wp\/v2\/categories?post=26825"},{"taxonomy":"post_tag","embeddable":true,"href":"https:\/\/lahora.mx\/index.php\/wp-json\/wp\/v2\/tags?post=26825"}],"curies":[{"name":"wp","href":"https:\/\/api.w.org\/{rel}","templated":true}]}}