{"id":26797,"date":"2023-05-22T18:39:28","date_gmt":"2023-05-22T18:39:28","guid":{"rendered":"http:\/\/lahora.mx\/?p=26797"},"modified":"2023-05-22T18:39:52","modified_gmt":"2023-05-22T18:39:52","slug":"se-habilitan-19-albergues-en-puebla-por-contingencia-volcanica","status":"publish","type":"post","link":"https:\/\/lahora.mx\/index.php\/2023\/05\/22\/se-habilitan-19-albergues-en-puebla-por-contingencia-volcanica\/","title":{"rendered":"Se habilitan 19 albergues en Puebla por contingencia volc\u00e1nica"},"content":{"rendered":"\n<p>En caso de que habitantes de municipios cercanos al Popocat\u00e9petl tengan que ser evacuados ante las constantes explosiones del volc\u00e1n, el Ayuntamiento de Puebla dispondr\u00e1 de 19 albergues que estar\u00e1n ubicados en distintos puntos de la ciudad.<\/p>\n\n\n\n<p>Debido al incremento de la actividad volc\u00e1nica, las autoridades federales informaron que la alerta cambi\u00f3 a Fase 3, por lo cual recomendaron que las personas permanezcan en su casa y s\u00f3lo salir si es necesario, a fin de evitar afectaciones a la salud.<br>En rueda de prensa, el edil panista Eduardo Rivera P\u00e9rez, dijo que mantiene una constante comunicaci\u00f3n con el Comit\u00e9 Cient\u00edfico Asesor y el Consejo Estatal de Protecci\u00f3n Civil para implementar un protocolo preventivo ante el cambio en el sem\u00e1foro de alerta a Amarillo Fase 3.<\/p>\n\n\n\n<p>Rivera P\u00e9rez a\u00f1adi\u00f3 que el Ayuntamiento tiene previsiones y en caso de que se requieran m\u00e1s albergues, est\u00e9n listos con los espacios p\u00fablicos en donde se contar\u00e1 con v\u00edveres, colchonetas, cobijas y ropa con el objetivo de atender a quienes lo necesiten.<br>\u201cSe habilitar\u00e1n 19 espacios p\u00fablicos, desde presidencias auxiliares, auditorios, iglesias, instituciones educativas y polideportivos a cargo del Ayuntamiento y puedan ocuparse por otras comunidades que tuvieran que ser evacuadas\u201d, enfatiz\u00f3.<\/p>\n\n\n\n<p>El alcalde panista se\u00f1al\u00f3 que afortunadamente la postura de las autoridades es estar alerta ante la situaci\u00f3n que se llegue a presentar con la actividad del Popocat\u00e9petl en las pr\u00f3ximas horas, pues insisti\u00f3 que a\u00fan no hay necesidad de evacuar en ning\u00fan punto, pero est\u00e1n prevenidos, coordinados y atentos.<\/p>\n\n\n\n<p>Asimismo, indic\u00f3 que para todas aquellas personas en situaci\u00f3n de calle, el Ayuntamiento de Puebla pone a la disposici\u00f3n el Dormitorio Municipal como refugio temporal, ubicado en calzada Emiliano Zapata s\/n, esquina Juan Rojas Flores, colonia Lomas de San Miguel, donde hay camas disponibles, ropa, servicios de aseso y alimentaci\u00f3n.<\/p>\n\n\n\n<p>Finalmente, Rivera P\u00e9rez record\u00f3 que los parques municipales permanecer\u00e1n cerrados, mientras que las actividades deportivas y culturales al aire libre seguir\u00e1n suspendidas, y que todos los servicios p\u00fablicos que brinda la Comuna se encuentran garantizados y operan de manera ordinaria.<\/p>\n","protected":false},"excerpt":{"rendered":"<p>En caso de que habitantes de municipios cercanos al Popocat\u00e9petl tengan que ser evacuados ante las constantes explosiones del volc\u00e1n, el Ayuntamiento de Puebla dispondr\u00e1 de 19 albergues que estar\u00e1n ubicados en distintos puntos de la ciudad. Debido al incremento de la actividad volc\u00e1nica, las autoridades federales informaron que la alerta cambi\u00f3 a Fase 3, [&hellip;]<\/p>\n","protected":false},"author":4,"featured_media":26798,"comment_status":"open","ping_status":"open","sticky":false,"template":"","format":"standard","meta":{"om_disable_all_campaigns":false,"_monsterinsights_skip_tracking":false,"_monsterinsights_sitenote_active":false,"_monsterinsights_sitenote_note":"","_monsterinsights_sitenote_category":0,"footnotes":""},"categories":[175],"tags":[195,223],"class_list":["post-26797","post","type-post","status-publish","format-standard","has-post-thumbnail","hentry","category-local","tag-principal","tag-puebla"],"amp_enabled":true,"_links":{"self":[{"href":"https:\/\/lahora.mx\/index.php\/wp-json\/wp\/v2\/posts\/26797","targetHints":{"allow":["GET"]}}],"collection":[{"href":"https:\/\/lahora.mx\/index.php\/wp-json\/wp\/v2\/posts"}],"about":[{"href":"https:\/\/lahora.mx\/index.php\/wp-json\/wp\/v2\/types\/post"}],"author":[{"embeddable":true,"href":"https:\/\/lahora.mx\/index.php\/wp-json\/wp\/v2\/users\/4"}],"replies":[{"embeddable":true,"href":"https:\/\/lahora.mx\/index.php\/wp-json\/wp\/v2\/comments?post=26797"}],"version-history":[{"count":1,"href":"https:\/\/lahora.mx\/index.php\/wp-json\/wp\/v2\/posts\/26797\/revisions"}],"predecessor-version":[{"id":26799,"href":"https:\/\/lahora.mx\/index.php\/wp-json\/wp\/v2\/posts\/26797\/revisions\/26799"}],"wp:featuredmedia":[{"embeddable":true,"href":"https:\/\/lahora.mx\/index.php\/wp-json\/wp\/v2\/media\/26798"}],"wp:attachment":[{"href":"https:\/\/lahora.mx\/index.php\/wp-json\/wp\/v2\/media?parent=26797"}],"wp:term":[{"taxonomy":"category","embeddable":true,"href":"https:\/\/lahora.mx\/index.php\/wp-json\/wp\/v2\/categories?post=26797"},{"taxonomy":"post_tag","embeddable":true,"href":"https:\/\/lahora.mx\/index.php\/wp-json\/wp\/v2\/tags?post=26797"}],"curies":[{"name":"wp","href":"https:\/\/api.w.org\/{rel}","templated":true}]}}