{"id":26726,"date":"2023-05-21T00:50:56","date_gmt":"2023-05-21T00:50:56","guid":{"rendered":"http:\/\/lahora.mx\/?p=26726"},"modified":"2023-05-21T00:50:57","modified_gmt":"2023-05-21T00:50:57","slug":"wagner-confirma-la-toma-de-la-ciudad-clave-de-artiomovsk","status":"publish","type":"post","link":"https:\/\/lahora.mx\/index.php\/2023\/05\/21\/wagner-confirma-la-toma-de-la-ciudad-clave-de-artiomovsk\/","title":{"rendered":"Wagner confirma la toma de la ciudad clave de Arti\u00f3movsk"},"content":{"rendered":"\n<p class=\"wp-block-paragraph\">El Ministerio de Defensa de Rusia ha confirmado la toma de la ciudad clave de Arti\u00f3movsk, conocida en Ucrania como &#8216;Bajmut&#8217;.<\/p>\n\n\n\n<p class=\"wp-block-paragraph\">\u00abSe ha terminado la liberaci\u00f3n de la ciudad de Arti\u00f3movsk como resultado de las acciones ofensivas de los grupos de asalto Wagner apoyados por la artiller\u00eda y la aviaci\u00f3n del Grupo de Fuerzas del Sur\u00bb, reza un comunicado del Ministerio.<br><br>Las fuerzas rusas toman bajo su control la ciudad clave de Arti\u00f3movsk, anuncia el jefe de Wagner<br>Por su parte, el presidente ruso, Vlad\u00edmir Putin, ya ha felicitado al grupo Wagner y a las Fuerzas Armadas del pa\u00eds. \u00abVlad\u00edmir Putin felicita a las unidades de asalto Wagner, as\u00ed como a todos los militares de las Fuerzas Armadas rusas que les prestaron el apoyo y la cobertura de flanco necesarios, por la culminaci\u00f3n de la operaci\u00f3n de liberaci\u00f3n de Arti\u00f3movsk\u00bb, inform\u00f3 el servicio de prensa del Kremlin.<\/p>\n\n\n\n<p class=\"wp-block-paragraph\">Previamente, el l\u00edder del grupo militar privado ruso Wagner, Yevgueni Prig\u00f3zhin, inform\u00f3 que este 20 de mayo, la urbe \u00abfue tomada por completo\u00bb. Prig\u00f3zhin precis\u00f3 que los combates por Arti\u00f3movsk duraron 224 d\u00edas. A partir del 25 de mayo, el grupo militar retirar\u00e1 sus tropas de Arti\u00f3movsk para recuperar fuerzas y volver a los entrenamientos, explic\u00f3 Prig\u00f3zhin. Hasta entonces, se crear\u00e1n l\u00edneas de defensa y las posiciones de control de la ciudad ser\u00e1n transferidas al Ministerio de Defensa ruso.<\/p>\n\n\n\n<p class=\"wp-block-paragraph\">La urbe, situada en la Rep\u00fablica Popular de Donetsk, se hab\u00eda convertido en escenario de algunos de los combates m\u00e1s largos e intensos del operativo ruso en Ucrania. A principios de marzo, el ministro de Defensa de Rusia, Sergu\u00e9i Shoig\u00fa, resalt\u00f3 la importancia estrat\u00e9gica de la ciudad. \u00abEsta ciudad es un importante centro de defensa de las tropas ucranianas en Donbass. Su control permitir\u00e1 [a los militares rusos] realizar nuevas acciones ofensivas profundamente en la defensa de las Fuerzas Armadas de Ucrania\u00bb, subray\u00f3 entonces.<\/p>\n\n\n\n<p class=\"wp-block-paragraph\">La ciudad fue fundada a finales del siglo XVI con el nombre de Bajmut. En 1924 fue renombrada como Arti\u00f3movsk en honor al revolucionario bolchevique ruso Fi\u00f3dor Sergu\u00e9iev, al que se conoc\u00eda como Artiom. En 2016, la urbe volvi\u00f3 a llamarse Bajmut como parte de la campa\u00f1a de descomunizaci\u00f3n que comenz\u00f3 en Ucrania en 2015, que incluy\u00f3 la eliminaci\u00f3n de monumentos, as\u00ed como el cambio de nombre de objetos topogr\u00e1ficos asociados con la historia sovi\u00e9tica.<\/p>\n","protected":false},"excerpt":{"rendered":"<p>El Ministerio de Defensa de Rusia ha confirmado la toma de la ciudad clave de Arti\u00f3movsk, conocida en Ucrania como &#8216;Bajmut&#8217;. \u00abSe ha terminado la liberaci\u00f3n de la ciudad de Arti\u00f3movsk como resultado de las acciones ofensivas de los grupos de asalto Wagner apoyados por la artiller\u00eda y la aviaci\u00f3n del Grupo de Fuerzas del [&hellip;]<\/p>\n","protected":false},"author":4,"featured_media":26727,"comment_status":"open","ping_status":"open","sticky":false,"template":"","format":"standard","meta":{"om_disable_all_campaigns":false,"_monsterinsights_skip_tracking":false,"footnotes":""},"categories":[183],"tags":[195],"class_list":["post-26726","post","type-post","status-publish","format-standard","has-post-thumbnail","hentry","category-internacional","tag-principal"],"amp_enabled":true,"_links":{"self":[{"href":"https:\/\/lahora.mx\/index.php\/wp-json\/wp\/v2\/posts\/26726","targetHints":{"allow":["GET"]}}],"collection":[{"href":"https:\/\/lahora.mx\/index.php\/wp-json\/wp\/v2\/posts"}],"about":[{"href":"https:\/\/lahora.mx\/index.php\/wp-json\/wp\/v2\/types\/post"}],"author":[{"embeddable":true,"href":"https:\/\/lahora.mx\/index.php\/wp-json\/wp\/v2\/users\/4"}],"replies":[{"embeddable":true,"href":"https:\/\/lahora.mx\/index.php\/wp-json\/wp\/v2\/comments?post=26726"}],"version-history":[{"count":1,"href":"https:\/\/lahora.mx\/index.php\/wp-json\/wp\/v2\/posts\/26726\/revisions"}],"predecessor-version":[{"id":26728,"href":"https:\/\/lahora.mx\/index.php\/wp-json\/wp\/v2\/posts\/26726\/revisions\/26728"}],"wp:featuredmedia":[{"embeddable":true,"href":"https:\/\/lahora.mx\/index.php\/wp-json\/wp\/v2\/media\/26727"}],"wp:attachment":[{"href":"https:\/\/lahora.mx\/index.php\/wp-json\/wp\/v2\/media?parent=26726"}],"wp:term":[{"taxonomy":"category","embeddable":true,"href":"https:\/\/lahora.mx\/index.php\/wp-json\/wp\/v2\/categories?post=26726"},{"taxonomy":"post_tag","embeddable":true,"href":"https:\/\/lahora.mx\/index.php\/wp-json\/wp\/v2\/tags?post=26726"}],"curies":[{"name":"wp","href":"https:\/\/api.w.org\/{rel}","templated":true}]}}