{"id":26100,"date":"2023-05-08T16:51:38","date_gmt":"2023-05-08T16:51:38","guid":{"rendered":"http:\/\/lahora.mx\/?p=26100"},"modified":"2023-05-08T16:51:39","modified_gmt":"2023-05-08T16:51:39","slug":"primer-convoy-del-tren-maya-llegara-en-julio","status":"publish","type":"post","link":"https:\/\/lahora.mx\/index.php\/2023\/05\/08\/primer-convoy-del-tren-maya-llegara-en-julio\/","title":{"rendered":"Primer convoy del Tren Maya llegar\u00e1 en julio"},"content":{"rendered":"\n<p class=\"wp-block-paragraph\">El primer tren del Tren Maya ya tiene fecha de llegada y ser\u00e1 en julio cuando estar\u00e1 listo en la Pen\u00ednsula para iniciar para las pruebas est\u00e1ticas y din\u00e1micas para comprobar que no haya ninguna falla. Fue el titular del Fonatur, Javier May Rodr\u00edguez, quien revel\u00f3 la fecha en la que el primer tren estar\u00e1 disponible para ser analizado antes de la operaci\u00f3n de este medio de transporte en diciembre de 2023.<\/p>\n\n\n\n<p class=\"wp-block-paragraph\">En la ma\u00f1anera del 8 de mayo, May Rodr\u00edguez dijo que ser\u00e1 el 8 de julio cuando el primer tren llegar\u00e1 en la Pen\u00ednsula e iniciar\u00e1 con las pruebas est\u00e1ticas, mientras que en agosto \u00e9ste se pondr\u00e1 a prueba directamente en la v\u00eda por la que correr\u00e1.<\/p>\n\n\n\n<p class=\"wp-block-paragraph\">\u201cEn la cuarta transformaci\u00f3n los compromisos se cumplen y cumpliremos el compromiso de que el primer tren llegar\u00e1 a la Pen\u00ednsula el 8 de julio\u201d, dijo el titular del Fonatur ante el presidente Andr\u00e9s Manuel L\u00f3pez Obrador.<\/p>\n\n\n\n<p class=\"wp-block-paragraph\">Convoy del Tren Maya contar\u00e1 con sistema inteligente<br>La directora de Alston M\u00e9xico, Mait\u00e9 Ramos G\u00f3mez, confirm\u00f3 la fecha de llegada del primer convoy del Tren Maya y dijo que \u00e9ste operar\u00e1 con un sistema inteligente llamado HealtHub, el cual avisar\u00e1 de cualquier se\u00f1al distinta o irregular, con lo que permitir\u00e1 un tiempo suficiente para evitar cualquier contratiempo.<\/p>\n\n\n\n<p class=\"wp-block-paragraph\">El sistema HealtHub consiste en una interfaz de usuario a la que tendr\u00e1n acceso t\u00e9cnicos, el supervisor de mantenimiento y de la gesti\u00f3n de operaciones. \u00c9ste contendr\u00e1 reglas operacionales y c\u00e1lculos anal\u00edticos, adem\u00e1s permitir\u00e1 la transmisi\u00f3n de datos y la captura de datos, lo cual permitir\u00e1 conocer en tiempo real la situaci\u00f3n del tren, el cual se correr\u00e1 15 mil kil\u00f3metros.<br>El primer convoy del Tren Maya llegar\u00e1 a los talleres de Canc\u00fan, en Quintana Roo, donde ser\u00e1 terminado de ensamblar, ya que mide entre 27.5 y 28 metros con todo y cabina; pesa m\u00e1s de 50 toneladas por cada una de las unidades, por lo que ser\u00e1n necesarias plataformas de 30 metros para su traslado.<br>\u00bfC\u00f3mo ser\u00e1n los trenes del Tren Maya?<br>Alstom es la empresa que gan\u00f3 la licitaci\u00f3n para la fabricaci\u00f3n de los trenes del Tren Maya, los cuales se construyen en la planta de Ciudad Sahag\u00fan, Hidalgo, y de acuerdo con la firma se contar\u00e1 con tres diferentes tipos:<\/p>\n\n\n\n<p class=\"wp-block-paragraph\">Xiinbal (Caminar)<br>Janal (Comer)<br>P&#8217;atal (Permanecer)<br>El dise\u00f1o de estos tres diferentes tipos de trenes del Tren Maya responde a las necesidades de los usuarios.<\/p>\n\n\n\n<p class=\"wp-block-paragraph\">Tren Xiinbal del Tren Maya<br>El tren conocido como Xiinbal del Tren Maya es un convoy est\u00e1ndar de servicio regular que permitir\u00e1 a los usuarios disfrutar del viaje y el paisaje durante el trayecto con grandes ventanas panor\u00e1micas, de acuerdo con Alstom.<\/p>\n\n\n\n<p class=\"wp-block-paragraph\">Tren Janal del Tren Maya<br>El tren Janal del Tren Maya consiste en un restaurante, con dise\u00f1o inspirado por la obra del ingeniero y arquitecto Luis Barrag\u00e1n. Este convoy contar\u00e1 con espacios c\u00f3modos creados para disfrutar de la gastronom\u00eda regional.<\/p>\n\n\n\n<p class=\"wp-block-paragraph\">Tren P&#8217;atal del Tren Maya<br>El tren P&#8217;atal del Tren Maya est\u00e1 dise\u00f1ado para quienes recorrer\u00e1n grandes distancias, por lo que los usuarios podr\u00e1n disfrutar de camarotes diurnos y nocturnos.<\/p>\n\n\n\n<p class=\"wp-block-paragraph\">Tren P&#8217;atal del Tren Maya con camarotes<br>El dise\u00f1o de los trenes cuenta con una gama de tonos azul turquesa, una caracter\u00edstica del mar que rodea la regi\u00f3n y diferentes formas org\u00e1nicas. En las zonas comunes, como vest\u00edbulos y cafeter\u00eda, habr\u00e1 una mezcla de tonalidades para darle la bienvenida a los pasajeros.<\/p>\n\n\n\n<p class=\"wp-block-paragraph\">Las tres versiones de los trenes cuentan con grandes espacios en asientos y para guardar equipaje, con estantes superiores y verticales en cada vag\u00f3n.<\/p>\n","protected":false},"excerpt":{"rendered":"<p>El primer tren del Tren Maya ya tiene fecha de llegada y ser\u00e1 en julio cuando estar\u00e1 listo en la Pen\u00ednsula para iniciar para las pruebas est\u00e1ticas y din\u00e1micas para comprobar que no haya ninguna falla. Fue el titular del Fonatur, Javier May Rodr\u00edguez, quien revel\u00f3 la fecha en la que el primer tren estar\u00e1 [&hellip;]<\/p>\n","protected":false},"author":4,"featured_media":26101,"comment_status":"open","ping_status":"open","sticky":false,"template":"","format":"standard","meta":{"om_disable_all_campaigns":false,"_monsterinsights_skip_tracking":false,"footnotes":""},"categories":[176],"tags":[195],"class_list":["post-26100","post","type-post","status-publish","format-standard","has-post-thumbnail","hentry","category-nacional","tag-principal"],"amp_enabled":true,"_links":{"self":[{"href":"https:\/\/lahora.mx\/index.php\/wp-json\/wp\/v2\/posts\/26100","targetHints":{"allow":["GET"]}}],"collection":[{"href":"https:\/\/lahora.mx\/index.php\/wp-json\/wp\/v2\/posts"}],"about":[{"href":"https:\/\/lahora.mx\/index.php\/wp-json\/wp\/v2\/types\/post"}],"author":[{"embeddable":true,"href":"https:\/\/lahora.mx\/index.php\/wp-json\/wp\/v2\/users\/4"}],"replies":[{"embeddable":true,"href":"https:\/\/lahora.mx\/index.php\/wp-json\/wp\/v2\/comments?post=26100"}],"version-history":[{"count":1,"href":"https:\/\/lahora.mx\/index.php\/wp-json\/wp\/v2\/posts\/26100\/revisions"}],"predecessor-version":[{"id":26102,"href":"https:\/\/lahora.mx\/index.php\/wp-json\/wp\/v2\/posts\/26100\/revisions\/26102"}],"wp:featuredmedia":[{"embeddable":true,"href":"https:\/\/lahora.mx\/index.php\/wp-json\/wp\/v2\/media\/26101"}],"wp:attachment":[{"href":"https:\/\/lahora.mx\/index.php\/wp-json\/wp\/v2\/media?parent=26100"}],"wp:term":[{"taxonomy":"category","embeddable":true,"href":"https:\/\/lahora.mx\/index.php\/wp-json\/wp\/v2\/categories?post=26100"},{"taxonomy":"post_tag","embeddable":true,"href":"https:\/\/lahora.mx\/index.php\/wp-json\/wp\/v2\/tags?post=26100"}],"curies":[{"name":"wp","href":"https:\/\/api.w.org\/{rel}","templated":true}]}}