{"id":26082,"date":"2023-05-08T02:06:54","date_gmt":"2023-05-08T02:06:54","guid":{"rendered":"http:\/\/lahora.mx\/?p=26082"},"modified":"2023-05-08T02:06:54","modified_gmt":"2023-05-08T02:06:54","slug":"fge-abate-a-lider-de-los-pelones-en-operativo-en-chietla","status":"publish","type":"post","link":"https:\/\/lahora.mx\/index.php\/2023\/05\/08\/fge-abate-a-lider-de-los-pelones-en-operativo-en-chietla\/","title":{"rendered":"FGE abate a l\u00edder de \u201cLos Pelones\u201d en operativo en Chietla"},"content":{"rendered":"\n<p>Durante un operativo implementado por la Fiscal\u00eda General del Estado de Puebla (FGE) en el municipio de Chietla, agentes ministeriales abatieron al l\u00edder de la banda delictiva de \u201cLos Pelones\u201d, as\u00ed como a uno de sus sicarios, adem\u00e1s arrestaron a cinco y aseguraron estupefacientes y armas.<\/p>\n\n\n\n<p>La intervenci\u00f3n de un grupo de agentes investigadores ocurri\u00f3 la ma\u00f1ana de este 7 de mayo en la comunidad de Ahuehuetzingo.<br>Fue a un inmueble de la calle Allende e Independencia de la comunidad de Ahuehuetzingo, en donde cerca de las 8 de la ma\u00f1ana llegaron los agentes investigadores para implementar un operativo en contra del narcomenudeo y robo de veh\u00edculo, sin esperar que en el sitio estuvieran varios delincuentes.<\/p>\n\n\n\n<p>Ante la presencia del personal de la fiscal\u00eda, los hampones atacaron, por lo que los agentes ministeriales respondieron y repelieron el ataque, lo cual gener\u00f3 un enfrentamiento a balazos.<br>En estas acciones fue abatido \u201cEl Pel\u00f3n\u201d, l\u00edder de \u201cLos Pelones\u201d, y otro sujeto apodado \u201cEl Sicario\u201d.<\/p>\n\n\n\n<p>Poco despu\u00e9s, la Fiscal\u00eda de Puebla inform\u00f3 a trav\u00e9s de Twitter los hechos de los cuales resultaron abatidos dos delincuentes, as\u00ed como la detenci\u00f3n de cinco hampones y el decomiso de armas y m\u00e1s de un kilo y medio de droga.<\/p>\n\n\n\n<p>Siendo en pr\u00f3ximos d\u00edas cuando se ampl\u00ede el resultado de la investigaci\u00f3n en contra de dicha<\/p>\n\n\n\n<p>\u201cLos Pelones\u201d son una banda generadora de violencia en la regi\u00f3n de Chietla; se le acusa de narcomenudeo, extorsiones, robo de veh\u00edculos y ejecuciones, incluso el de un hombre de 73 a\u00f1os de edad el 19 de abril en la comunidad de El Mirador.<\/p>\n\n\n\n<p>Se espera que en pr\u00f3ximas horas se revele la identidad de los asegurados y la cantidad precisa de droga y armas que fueron aseguradas en este operativo en el que la FGE abati\u00f3 al l\u00edder de \u201cLos Pelones\u201d en Chietla.<\/p>\n","protected":false},"excerpt":{"rendered":"<p>Durante un operativo implementado por la Fiscal\u00eda General del Estado de Puebla (FGE) en el municipio de Chietla, agentes ministeriales abatieron al l\u00edder de la banda delictiva de \u201cLos Pelones\u201d, as\u00ed como a uno de sus sicarios, adem\u00e1s arrestaron a cinco y aseguraron estupefacientes y armas. La intervenci\u00f3n de un grupo de agentes investigadores ocurri\u00f3 [&hellip;]<\/p>\n","protected":false},"author":4,"featured_media":26083,"comment_status":"open","ping_status":"open","sticky":false,"template":"","format":"standard","meta":{"om_disable_all_campaigns":false,"_monsterinsights_skip_tracking":false,"_monsterinsights_sitenote_active":false,"_monsterinsights_sitenote_note":"","_monsterinsights_sitenote_category":0,"footnotes":""},"categories":[175,226],"tags":[223],"class_list":["post-26082","post","type-post","status-publish","format-standard","has-post-thumbnail","hentry","category-local","category-policia","tag-puebla"],"amp_enabled":true,"_links":{"self":[{"href":"https:\/\/lahora.mx\/index.php\/wp-json\/wp\/v2\/posts\/26082","targetHints":{"allow":["GET"]}}],"collection":[{"href":"https:\/\/lahora.mx\/index.php\/wp-json\/wp\/v2\/posts"}],"about":[{"href":"https:\/\/lahora.mx\/index.php\/wp-json\/wp\/v2\/types\/post"}],"author":[{"embeddable":true,"href":"https:\/\/lahora.mx\/index.php\/wp-json\/wp\/v2\/users\/4"}],"replies":[{"embeddable":true,"href":"https:\/\/lahora.mx\/index.php\/wp-json\/wp\/v2\/comments?post=26082"}],"version-history":[{"count":1,"href":"https:\/\/lahora.mx\/index.php\/wp-json\/wp\/v2\/posts\/26082\/revisions"}],"predecessor-version":[{"id":26084,"href":"https:\/\/lahora.mx\/index.php\/wp-json\/wp\/v2\/posts\/26082\/revisions\/26084"}],"wp:featuredmedia":[{"embeddable":true,"href":"https:\/\/lahora.mx\/index.php\/wp-json\/wp\/v2\/media\/26083"}],"wp:attachment":[{"href":"https:\/\/lahora.mx\/index.php\/wp-json\/wp\/v2\/media?parent=26082"}],"wp:term":[{"taxonomy":"category","embeddable":true,"href":"https:\/\/lahora.mx\/index.php\/wp-json\/wp\/v2\/categories?post=26082"},{"taxonomy":"post_tag","embeddable":true,"href":"https:\/\/lahora.mx\/index.php\/wp-json\/wp\/v2\/tags?post=26082"}],"curies":[{"name":"wp","href":"https:\/\/api.w.org\/{rel}","templated":true}]}}