{"id":26079,"date":"2023-05-08T02:05:00","date_gmt":"2023-05-08T02:05:00","guid":{"rendered":"http:\/\/lahora.mx\/?p=26079"},"modified":"2023-05-08T02:05:00","modified_gmt":"2023-05-08T02:05:00","slug":"gobierno-del-estado-de-tlaxcala-preve-la-instalacion-de-un-sistema-de-reconocimiento-facial-para-abatir-la-delincuencia","status":"publish","type":"post","link":"https:\/\/lahora.mx\/index.php\/2023\/05\/08\/gobierno-del-estado-de-tlaxcala-preve-la-instalacion-de-un-sistema-de-reconocimiento-facial-para-abatir-la-delincuencia\/","title":{"rendered":"Gobierno del estado de Tlaxcala prev\u00e9 la instalaci\u00f3n de un sistema de reconocimiento facial para abatir la delincuencia"},"content":{"rendered":"\n<p>El titular de la Comisi\u00f3n Ejecutiva del Sistema Estatal de Seguridad P\u00fablica (Cesesp), Maximino Hern\u00e1ndez Pulido dio a conocer que con el objetivo de abatir la delincuencia en la entidad, se trabaja en la implementaci\u00f3n de un sistema de reconocimiento facial en diversos puntos.<\/p>\n\n\n\n<p>Refiri\u00f3 que dicho proyecto ha sido avalado por la titular del Ejecutivo local, Lorena Cu\u00e9llar Cisneros, con la finalidad de mantener al estado en el primer lugar a nivel nacional con la incidencia de delitos m\u00e1s baja por medio de la inteligencia artificial.<\/p>\n\n\n\n<p>Hern\u00e1ndez Pulido explic\u00f3 que este sistema podr\u00eda ser colocado en 30 lugares donde se realiza monitoreo por medio del Centro de Control, Comando, Comunicaciones y C\u00f3mputo (C4), espec\u00edficamente en centros comerciales, centrales camioneras y corredores industriales, entre otros espacios, a fin de que sean identificados presuntos delincuentes.<\/p>\n\n\n\n<p>Agreg\u00f3 que este sistema ser\u00e1 m\u00e1s eficiente una vez que arranque el Centro de Control, Comando, Comunicaciones, C\u00f3mputo, Coordinaci\u00f3n e Inteligencia (C5i), ya que estar\u00eda conectado con los 60 municipios.<\/p>\n\n\n\n<p>Asegur\u00f3 que con ello se dar\u00e1 paso a la inteligencia artificial en temas de seguridad p\u00fablica en Tlaxcala, \u201cesto se traduce en que la tecnolog\u00eda est\u00e9 al servicio de la seguridad, la cual representar\u00e1 uno de los emblemas de este gobierno, la gobernadora tiene muy claro que va a dejar un Tlaxcala moderno\u201d.<\/p>\n\n\n\n<p>Con estas acciones, el Gobierno del Estado perfila a que la entidad sea m\u00e1s segura y con la tecnolog\u00eda id\u00f3nea para combatir los diversos delitos para dar a los tlaxcaltecas un lugar de paz y tranquilidad.<\/p>\n","protected":false},"excerpt":{"rendered":"<p>El titular de la Comisi\u00f3n Ejecutiva del Sistema Estatal de Seguridad P\u00fablica (Cesesp), Maximino Hern\u00e1ndez Pulido dio a conocer que con el objetivo de abatir la delincuencia en la entidad, se trabaja en la implementaci\u00f3n de un sistema de reconocimiento facial en diversos puntos. Refiri\u00f3 que dicho proyecto ha sido avalado por la titular del [&hellip;]<\/p>\n","protected":false},"author":4,"featured_media":26080,"comment_status":"open","ping_status":"open","sticky":false,"template":"","format":"standard","meta":{"om_disable_all_campaigns":false,"_monsterinsights_skip_tracking":false,"_monsterinsights_sitenote_active":false,"_monsterinsights_sitenote_note":"","_monsterinsights_sitenote_category":0,"footnotes":""},"categories":[175],"tags":[223,210],"class_list":["post-26079","post","type-post","status-publish","format-standard","has-post-thumbnail","hentry","category-local","tag-puebla","tag-tlaxcala"],"amp_enabled":true,"_links":{"self":[{"href":"https:\/\/lahora.mx\/index.php\/wp-json\/wp\/v2\/posts\/26079","targetHints":{"allow":["GET"]}}],"collection":[{"href":"https:\/\/lahora.mx\/index.php\/wp-json\/wp\/v2\/posts"}],"about":[{"href":"https:\/\/lahora.mx\/index.php\/wp-json\/wp\/v2\/types\/post"}],"author":[{"embeddable":true,"href":"https:\/\/lahora.mx\/index.php\/wp-json\/wp\/v2\/users\/4"}],"replies":[{"embeddable":true,"href":"https:\/\/lahora.mx\/index.php\/wp-json\/wp\/v2\/comments?post=26079"}],"version-history":[{"count":1,"href":"https:\/\/lahora.mx\/index.php\/wp-json\/wp\/v2\/posts\/26079\/revisions"}],"predecessor-version":[{"id":26081,"href":"https:\/\/lahora.mx\/index.php\/wp-json\/wp\/v2\/posts\/26079\/revisions\/26081"}],"wp:featuredmedia":[{"embeddable":true,"href":"https:\/\/lahora.mx\/index.php\/wp-json\/wp\/v2\/media\/26080"}],"wp:attachment":[{"href":"https:\/\/lahora.mx\/index.php\/wp-json\/wp\/v2\/media?parent=26079"}],"wp:term":[{"taxonomy":"category","embeddable":true,"href":"https:\/\/lahora.mx\/index.php\/wp-json\/wp\/v2\/categories?post=26079"},{"taxonomy":"post_tag","embeddable":true,"href":"https:\/\/lahora.mx\/index.php\/wp-json\/wp\/v2\/tags?post=26079"}],"curies":[{"name":"wp","href":"https:\/\/api.w.org\/{rel}","templated":true}]}}