{"id":26067,"date":"2023-05-08T01:49:55","date_gmt":"2023-05-08T01:49:55","guid":{"rendered":"http:\/\/lahora.mx\/?p=26067"},"modified":"2023-05-08T01:49:55","modified_gmt":"2023-05-08T01:49:55","slug":"catedral-de-puebla-dedican-misa-a-alicia-islas","status":"publish","type":"post","link":"https:\/\/lahora.mx\/index.php\/2023\/05\/08\/catedral-de-puebla-dedican-misa-a-alicia-islas\/","title":{"rendered":"Catedral de Puebla: dedican misa a Alicia Islas"},"content":{"rendered":"\n<p>Francisco Patricio V\u00e1zquez, rector de la Catedral de Puebla, dedic\u00f3 la misa dominical a Alicia Esmeralda Islas Montiel, v\u00edctima de feminicidio y hallada muerta en San Juan Ixcaquixtla; llam\u00f3 a orar por su eterno descanso.<\/p>\n\n\n\n<p>Al oficiar la tradicional ceremonia eucar\u00edstica en la Catedral de Puebla, Patricio V\u00e1zquez conden\u00f3 los hechos de violencia que se registraron durante la \u00faltima semana, que dejaron como consecuencia la p\u00e9rdida de vidas humanas.<br>Asimismo, lament\u00f3 que contin\u00faen las desapariciones de personas y luego sean halladas muertas, dijo que es muestra del preocupante problema de inseguridad que hay en el pa\u00eds y en la entidad.<\/p>\n\n\n\n<p>En primera instancia elev\u00f3 sus oraciones por el descanso de Alicia Esmeralda, quien fue reportada como desaparecida el 4 de mayo y encontrada muerta en el municipio de Ixcaquixtla.<\/p>\n\n\n\n<p>Adem\u00e1s de lamentar el feminicidio de la joven, pidi\u00f3 por el descanso de Agust\u00edn Medina, de 16 a\u00f1os, quien muri\u00f3 atropellado en la V\u00eda Recreativa Metropolitana de la recta a Cholula el 30 de abril.<\/p>\n\n\n\n<p>\u201cPedimos por el joven que muri\u00f3 al ser arrollado hace ocho d\u00edas, Agust\u00edn Medina Meneses, y por la joven desaparecida y ayer (s\u00e1bado 6 de abril) encontrada sin vida, Alicia Esmeralda, que Dios los tenga en su santa gloria\u201d, dijo al elevar una oraci\u00f3n para pedir por su eterno descanso.<\/p>\n\n\n\n<p>Asimismo, llam\u00f3 a los fieles a recuperar la paz, la verdad y valorar la vida, ante las circunstancias dif\u00edciles que se enfrentan como la violencia, muerte, desapariciones e inseguridad.<\/p>\n\n\n\n<p>Reiter\u00f3 que es importante que las autoridades trabajen en recuperar la armon\u00eda en la ciudad, la cual tampoco corresponde a una sola instancia, sino que involucra a la sociedad desde su responsabilidad como habitantes.<\/p>\n\n\n\n<p>Fue as\u00ed como el rector de Catedral de Puebla dedic\u00f3 la misa dominical a Alicia Islas, v\u00edctima de feminicidio.<\/p>\n","protected":false},"excerpt":{"rendered":"<p>Francisco Patricio V\u00e1zquez, rector de la Catedral de Puebla, dedic\u00f3 la misa dominical a Alicia Esmeralda Islas Montiel, v\u00edctima de feminicidio y hallada muerta en San Juan Ixcaquixtla; llam\u00f3 a orar por su eterno descanso. Al oficiar la tradicional ceremonia eucar\u00edstica en la Catedral de Puebla, Patricio V\u00e1zquez conden\u00f3 los hechos de violencia que se [&hellip;]<\/p>\n","protected":false},"author":4,"featured_media":26068,"comment_status":"open","ping_status":"open","sticky":false,"template":"","format":"standard","meta":{"om_disable_all_campaigns":false,"_monsterinsights_skip_tracking":false,"_monsterinsights_sitenote_active":false,"_monsterinsights_sitenote_note":"","_monsterinsights_sitenote_category":0,"footnotes":""},"categories":[175],"tags":[223],"class_list":["post-26067","post","type-post","status-publish","format-standard","has-post-thumbnail","hentry","category-local","tag-puebla"],"amp_enabled":true,"_links":{"self":[{"href":"https:\/\/lahora.mx\/index.php\/wp-json\/wp\/v2\/posts\/26067","targetHints":{"allow":["GET"]}}],"collection":[{"href":"https:\/\/lahora.mx\/index.php\/wp-json\/wp\/v2\/posts"}],"about":[{"href":"https:\/\/lahora.mx\/index.php\/wp-json\/wp\/v2\/types\/post"}],"author":[{"embeddable":true,"href":"https:\/\/lahora.mx\/index.php\/wp-json\/wp\/v2\/users\/4"}],"replies":[{"embeddable":true,"href":"https:\/\/lahora.mx\/index.php\/wp-json\/wp\/v2\/comments?post=26067"}],"version-history":[{"count":1,"href":"https:\/\/lahora.mx\/index.php\/wp-json\/wp\/v2\/posts\/26067\/revisions"}],"predecessor-version":[{"id":26069,"href":"https:\/\/lahora.mx\/index.php\/wp-json\/wp\/v2\/posts\/26067\/revisions\/26069"}],"wp:featuredmedia":[{"embeddable":true,"href":"https:\/\/lahora.mx\/index.php\/wp-json\/wp\/v2\/media\/26068"}],"wp:attachment":[{"href":"https:\/\/lahora.mx\/index.php\/wp-json\/wp\/v2\/media?parent=26067"}],"wp:term":[{"taxonomy":"category","embeddable":true,"href":"https:\/\/lahora.mx\/index.php\/wp-json\/wp\/v2\/categories?post=26067"},{"taxonomy":"post_tag","embeddable":true,"href":"https:\/\/lahora.mx\/index.php\/wp-json\/wp\/v2\/tags?post=26067"}],"curies":[{"name":"wp","href":"https:\/\/api.w.org\/{rel}","templated":true}]}}