{"id":26064,"date":"2023-05-07T20:11:46","date_gmt":"2023-05-07T20:11:46","guid":{"rendered":"http:\/\/lahora.mx\/?p=26064"},"modified":"2023-05-07T20:11:46","modified_gmt":"2023-05-07T20:11:46","slug":"huye-responsable-tras-matar-a-motociclista-en-accidente-vial-en-la-puebla-orizaba","status":"publish","type":"post","link":"https:\/\/lahora.mx\/index.php\/2023\/05\/07\/huye-responsable-tras-matar-a-motociclista-en-accidente-vial-en-la-puebla-orizaba\/","title":{"rendered":"Huye responsable tras matar a motociclista en accidente vial en la Puebla-Orizaba"},"content":{"rendered":"\n<p>Debido a los m\u00faltiples golpes que sufri\u00f3, principalmente en la cabeza, luego de ser embestido por un veh\u00edculo en la autopista Puebla-Orizaba, un motociclista falleci\u00f3 a la altura de la colonia Bosques de Santa Anita, en la ciudad de Puebla.<\/p>\n\n\n\n<p>El fatal accidente se registr\u00f3 anoche en la autopista Puebla-Orizaba con direcci\u00f3n a la Ciudad de M\u00e9xico. La v\u00edctima iba a bordo de una motocicleta tipo cargo, color blanco con placas X75W.<\/p>\n\n\n\n<p>Sin embargo, al llegar a la altura de Bosques de Santa Anita un veh\u00edculo lo choc\u00f3 y fue impactado y proyectado varios metros delante; qued\u00f3 tendido sobre el asfalto, boca abajo.<br>Tras chocarlo, el culpable huy\u00f3 de la zona. Las personas que circulaban por la vialidad, al ver al hombre tirado, se detuvieron a auxiliarlo.<\/p>\n\n\n\n<p>Sin embargo, el hombre, de complexi\u00f3n robusta que vest\u00eda chamarra amarilla y pantal\u00f3n de mezclilla color azul, ya no respiraba, por lo que solicitaron la intervenci\u00f3n de los cuerpos de atenci\u00f3n prehospitalaria.<\/p>\n\n\n\n<p>Param\u00e9dicos de Caminos y Puentes Federales ( Capufe), as\u00ed como a elementos de la Guardia Nacional (GN), se desplazaron al lugar y confirmaron la muerte del motociclista.<br>El lugar fue acordonado y resguardado para que los agentes carreteros hicieran el levantamiento del cuerpo, de quien fue anotado en calidad de desconocido.<\/p>\n\n\n\n<p>Finalmente, la carpeta de investigaci\u00f3n iniciada por homicidio culposo fue turnada a la Fiscal\u00eda General del Estado de Puebla (FGE) para que sea esta instancia la que se encargue de resolver este incidente en la autopista Puebla-Orizaba en donde chocaron y mataron a motociclista y el responsable huy\u00f3.<\/p>\n","protected":false},"excerpt":{"rendered":"<p>Debido a los m\u00faltiples golpes que sufri\u00f3, principalmente en la cabeza, luego de ser embestido por un veh\u00edculo en la autopista Puebla-Orizaba, un motociclista falleci\u00f3 a la altura de la colonia Bosques de Santa Anita, en la ciudad de Puebla. El fatal accidente se registr\u00f3 anoche en la autopista Puebla-Orizaba con direcci\u00f3n a la Ciudad [&hellip;]<\/p>\n","protected":false},"author":4,"featured_media":26065,"comment_status":"open","ping_status":"open","sticky":false,"template":"","format":"standard","meta":{"om_disable_all_campaigns":false,"_monsterinsights_skip_tracking":false,"_monsterinsights_sitenote_active":false,"_monsterinsights_sitenote_note":"","_monsterinsights_sitenote_category":0,"footnotes":""},"categories":[175,226],"tags":[223],"class_list":["post-26064","post","type-post","status-publish","format-standard","has-post-thumbnail","hentry","category-local","category-policia","tag-puebla"],"amp_enabled":true,"_links":{"self":[{"href":"https:\/\/lahora.mx\/index.php\/wp-json\/wp\/v2\/posts\/26064","targetHints":{"allow":["GET"]}}],"collection":[{"href":"https:\/\/lahora.mx\/index.php\/wp-json\/wp\/v2\/posts"}],"about":[{"href":"https:\/\/lahora.mx\/index.php\/wp-json\/wp\/v2\/types\/post"}],"author":[{"embeddable":true,"href":"https:\/\/lahora.mx\/index.php\/wp-json\/wp\/v2\/users\/4"}],"replies":[{"embeddable":true,"href":"https:\/\/lahora.mx\/index.php\/wp-json\/wp\/v2\/comments?post=26064"}],"version-history":[{"count":1,"href":"https:\/\/lahora.mx\/index.php\/wp-json\/wp\/v2\/posts\/26064\/revisions"}],"predecessor-version":[{"id":26066,"href":"https:\/\/lahora.mx\/index.php\/wp-json\/wp\/v2\/posts\/26064\/revisions\/26066"}],"wp:featuredmedia":[{"embeddable":true,"href":"https:\/\/lahora.mx\/index.php\/wp-json\/wp\/v2\/media\/26065"}],"wp:attachment":[{"href":"https:\/\/lahora.mx\/index.php\/wp-json\/wp\/v2\/media?parent=26064"}],"wp:term":[{"taxonomy":"category","embeddable":true,"href":"https:\/\/lahora.mx\/index.php\/wp-json\/wp\/v2\/categories?post=26064"},{"taxonomy":"post_tag","embeddable":true,"href":"https:\/\/lahora.mx\/index.php\/wp-json\/wp\/v2\/tags?post=26064"}],"curies":[{"name":"wp","href":"https:\/\/api.w.org\/{rel}","templated":true}]}}