{"id":26061,"date":"2023-05-07T20:08:30","date_gmt":"2023-05-07T20:08:30","guid":{"rendered":"http:\/\/lahora.mx\/?p=26061"},"modified":"2023-05-07T20:08:31","modified_gmt":"2023-05-07T20:08:31","slug":"detienen-a-rene-por-el-feminicidio-de-alicia-esmeralda","status":"publish","type":"post","link":"https:\/\/lahora.mx\/index.php\/2023\/05\/07\/detienen-a-rene-por-el-feminicidio-de-alicia-esmeralda\/","title":{"rendered":"Detienen a Ren\u00e9 por el feminicidio de Alicia Esmeralda"},"content":{"rendered":"\n<p>Ren\u00e9 N la pareja sentimental de Alicia Esmeralda Islas Montiel la mujer reportada como desaparecida y que lamentablemente fue hallada sin vida, fue detenido por ser el principal sospechoso del feminicidio de la mujer de 30 a\u00f1os, presuntamente \u00e9l la estrangul\u00f3.<\/p>\n\n\n\n<p>Versiones period\u00edsticas indicaron que este sujeto la estrangul\u00f3 al interior de la casa de Alicia Esmeralda y posteriormente abandon\u00f3 su cad\u00e1ver en un terreno del municipio de San Juan Ixcaquixtla, esto se supo porque el sujeto despu\u00e9s de varias entrevistas confes\u00f3 el crimen.<\/p>\n\n\n\n<p>De acuerdo con el portal de Puebla Roja, Ren\u00e9 ingres\u00f3 el cad\u00e1ver de Alicia a su veh\u00edculo y lo transport\u00f3 hasta los terrenos de aquel municipio.<\/p>\n\n\n\n<p>Despu\u00e9s de que se supo que en sus declaraciones dijo varias inconsistencias, las autoridades lo detuvieron y presuntamente confes\u00f3 que el perpetr\u00f3 el crimen por lo que se encuentra aprehendido y se espera que est\u00e9 a disposici\u00f3n de un juez.<br>Alicia Esmeralda Islas Montiel fue reportada como desaparecida luego de que la vieron por \u00faltima vez el pasado jueves cuando sali\u00f3 de su trabajo en los Laboratorios Ruiz de la zona de Plaza Dorada.<\/p>\n","protected":false},"excerpt":{"rendered":"<p>Ren\u00e9 N la pareja sentimental de Alicia Esmeralda Islas Montiel la mujer reportada como desaparecida y que lamentablemente fue hallada sin vida, fue detenido por ser el principal sospechoso del feminicidio de la mujer de 30 a\u00f1os, presuntamente \u00e9l la estrangul\u00f3. Versiones period\u00edsticas indicaron que este sujeto la estrangul\u00f3 al interior de la casa de [&hellip;]<\/p>\n","protected":false},"author":4,"featured_media":26062,"comment_status":"open","ping_status":"open","sticky":false,"template":"","format":"standard","meta":{"om_disable_all_campaigns":false,"_monsterinsights_skip_tracking":false,"_monsterinsights_sitenote_active":false,"_monsterinsights_sitenote_note":"","_monsterinsights_sitenote_category":0,"footnotes":""},"categories":[175,226],"tags":[195,223],"class_list":["post-26061","post","type-post","status-publish","format-standard","has-post-thumbnail","hentry","category-local","category-policia","tag-principal","tag-puebla"],"amp_enabled":true,"_links":{"self":[{"href":"https:\/\/lahora.mx\/index.php\/wp-json\/wp\/v2\/posts\/26061","targetHints":{"allow":["GET"]}}],"collection":[{"href":"https:\/\/lahora.mx\/index.php\/wp-json\/wp\/v2\/posts"}],"about":[{"href":"https:\/\/lahora.mx\/index.php\/wp-json\/wp\/v2\/types\/post"}],"author":[{"embeddable":true,"href":"https:\/\/lahora.mx\/index.php\/wp-json\/wp\/v2\/users\/4"}],"replies":[{"embeddable":true,"href":"https:\/\/lahora.mx\/index.php\/wp-json\/wp\/v2\/comments?post=26061"}],"version-history":[{"count":1,"href":"https:\/\/lahora.mx\/index.php\/wp-json\/wp\/v2\/posts\/26061\/revisions"}],"predecessor-version":[{"id":26063,"href":"https:\/\/lahora.mx\/index.php\/wp-json\/wp\/v2\/posts\/26061\/revisions\/26063"}],"wp:featuredmedia":[{"embeddable":true,"href":"https:\/\/lahora.mx\/index.php\/wp-json\/wp\/v2\/media\/26062"}],"wp:attachment":[{"href":"https:\/\/lahora.mx\/index.php\/wp-json\/wp\/v2\/media?parent=26061"}],"wp:term":[{"taxonomy":"category","embeddable":true,"href":"https:\/\/lahora.mx\/index.php\/wp-json\/wp\/v2\/categories?post=26061"},{"taxonomy":"post_tag","embeddable":true,"href":"https:\/\/lahora.mx\/index.php\/wp-json\/wp\/v2\/tags?post=26061"}],"curies":[{"name":"wp","href":"https:\/\/api.w.org\/{rel}","templated":true}]}}