{"id":26039,"date":"2023-05-06T22:16:27","date_gmt":"2023-05-06T22:16:27","guid":{"rendered":"http:\/\/lahora.mx\/?p=26039"},"modified":"2023-05-06T22:16:28","modified_gmt":"2023-05-06T22:16:28","slug":"conocemos-y-compartimos-el-esfuerzo-de-los-migrantes-armenta","status":"publish","type":"post","link":"https:\/\/lahora.mx\/index.php\/2023\/05\/06\/conocemos-y-compartimos-el-esfuerzo-de-los-migrantes-armenta\/","title":{"rendered":"\u00abConocemos y compartimos el esfuerzo de los migrantes\u201d: Armenta"},"content":{"rendered":"\n<p>El senador de Morena se encuentra en Estados Unidos, dialogando con la comunidad de migrantes.<\/p>\n\n\n\n<p>\u2022 Previo al Desfile Conmemorativo de la Batalla de Puebla, Alejandro Armenta refrenda el compromiso de la 4T con nuestros connacionales.<\/p>\n\n\n\n<p>Nueva Jersey, E.U. Las buenas noticias se comparten en reconocimiento al esfuerzo realizado por nuestros hermanos migrantes en la Uni\u00f3n Americana expres\u00f3 el senador de Morena Alejandro Armenta al se\u00f1alar que el presidente Andr\u00e9s Manuel L\u00f3pez Obrador implement\u00f3 un esquema para reducir las comisiones por env\u00edo de las remesas.<\/p>\n\n\n\n<p>En reuni\u00f3n de trabajo con paisanos en Passaic New Jersey, encabezada por F\u00e9lix S\u00e1nchez conocido como el \u201cRey de la Tortilla\u201d, el senador Armenta especific\u00f3 que a trav\u00e9s de la Financiera del Bienestar en apoyo a los migrantes que, en ocasiones no tienen acceso a servicios bancarios, con la ventaja de que lo podr\u00e1n realizar v\u00eda Telecom, o bien por medio de una aplicaci\u00f3n desde su celular.<\/p>\n\n\n\n<p>Con ese mecanismo, nuestros paisanos pagar\u00e1n solo 3.99 d\u00f3lares, ya no los cerca de 14 d\u00f3lares en el env\u00edo, mientras que quien lo recibe en territorio nacional ya no pagar\u00e1 comisi\u00f3n alguna, comparti\u00f3 el senador poblano.<\/p>\n\n\n\n<p>De la misma manera, el morenista Armenta convers\u00f3 sobre el proyecto \u201cTu acta de nacimiento donde te encuentres\u201d, ganador de un Premio Nacional a la Innovaci\u00f3n Digital cuando estuvo en el Registro Nacional de Poblaci\u00f3n (RENAPO), cuyo esquema permite obtener este documento oficial en coordinaci\u00f3n con las embajadas en el caso de nuestros hermanos migrantes refiri\u00f3 Alejandro Armenta.<\/p>\n\n\n\n<p>En dicha reuni\u00f3n, previa a la presentaci\u00f3n como invitado especial del Desfile Conmemorativo del 5 de mayo en la Uni\u00f3n Americana, el senador Armenta refrend\u00f3 el reconocimiento a nuestros hermanos migrantes por ser ejemplo de tenacidad, dedicaci\u00f3n, amor a su patria y amor a sus familiar; por lo que se comprometi\u00f3 a seguir trabajando por los derechos de los connacionales desde la C\u00e1mara Alta.<\/p>\n","protected":false},"excerpt":{"rendered":"<p>El senador de Morena se encuentra en Estados Unidos, dialogando con la comunidad de migrantes. \u2022 Previo al Desfile Conmemorativo de la Batalla de Puebla, Alejandro Armenta refrenda el compromiso de la 4T con nuestros connacionales. Nueva Jersey, E.U. Las buenas noticias se comparten en reconocimiento al esfuerzo realizado por nuestros hermanos migrantes en la [&hellip;]<\/p>\n","protected":false},"author":4,"featured_media":26040,"comment_status":"open","ping_status":"open","sticky":false,"template":"","format":"standard","meta":{"om_disable_all_campaigns":false,"_monsterinsights_skip_tracking":false,"_monsterinsights_sitenote_active":false,"_monsterinsights_sitenote_note":"","_monsterinsights_sitenote_category":0,"footnotes":""},"categories":[175],"tags":[223],"class_list":["post-26039","post","type-post","status-publish","format-standard","has-post-thumbnail","hentry","category-local","tag-puebla"],"amp_enabled":true,"_links":{"self":[{"href":"https:\/\/lahora.mx\/index.php\/wp-json\/wp\/v2\/posts\/26039","targetHints":{"allow":["GET"]}}],"collection":[{"href":"https:\/\/lahora.mx\/index.php\/wp-json\/wp\/v2\/posts"}],"about":[{"href":"https:\/\/lahora.mx\/index.php\/wp-json\/wp\/v2\/types\/post"}],"author":[{"embeddable":true,"href":"https:\/\/lahora.mx\/index.php\/wp-json\/wp\/v2\/users\/4"}],"replies":[{"embeddable":true,"href":"https:\/\/lahora.mx\/index.php\/wp-json\/wp\/v2\/comments?post=26039"}],"version-history":[{"count":1,"href":"https:\/\/lahora.mx\/index.php\/wp-json\/wp\/v2\/posts\/26039\/revisions"}],"predecessor-version":[{"id":26041,"href":"https:\/\/lahora.mx\/index.php\/wp-json\/wp\/v2\/posts\/26039\/revisions\/26041"}],"wp:featuredmedia":[{"embeddable":true,"href":"https:\/\/lahora.mx\/index.php\/wp-json\/wp\/v2\/media\/26040"}],"wp:attachment":[{"href":"https:\/\/lahora.mx\/index.php\/wp-json\/wp\/v2\/media?parent=26039"}],"wp:term":[{"taxonomy":"category","embeddable":true,"href":"https:\/\/lahora.mx\/index.php\/wp-json\/wp\/v2\/categories?post=26039"},{"taxonomy":"post_tag","embeddable":true,"href":"https:\/\/lahora.mx\/index.php\/wp-json\/wp\/v2\/tags?post=26039"}],"curies":[{"name":"wp","href":"https:\/\/api.w.org\/{rel}","templated":true}]}}