{"id":26036,"date":"2023-05-06T21:12:23","date_gmt":"2023-05-06T21:12:23","guid":{"rendered":"http:\/\/lahora.mx\/?p=26036"},"modified":"2023-05-06T21:12:23","modified_gmt":"2023-05-06T21:12:23","slug":"en-puebla-capital-celebrara-el-dia-de-las-madres-en-mercado-la-acocota","status":"publish","type":"post","link":"https:\/\/lahora.mx\/index.php\/2023\/05\/06\/en-puebla-capital-celebrara-el-dia-de-las-madres-en-mercado-la-acocota\/","title":{"rendered":"En Puebla capital celebrar\u00e1 el d\u00eda de las madres en mercado La Acocota"},"content":{"rendered":"\n<p>El Ayuntamiento de Puebla que preside Eduardo Rivera P\u00e9rez, a trav\u00e9s de la Direcci\u00f3n de Mercados de la Secretar\u00eda de Econom\u00eda y Turismo, invita a celebrar el D\u00eda de las Madres este 09 de mayo desde las 10:00 horas en el Mercado La Acocota, ubicado en avenida 6 Oriente 1619, donde habr\u00e1 diversas actividades.<\/p>\n\n\n\n<p>La finalidad de esta iniciativa es potenciar la econom\u00eda en los centros de abasto de la ciudad, por lo que se organiza este evento tanto para locatarios como para visitantes, mismo que dar\u00e1 la promoci\u00f3n a los mercados locales.<\/p>\n\n\n\n<p>Es importante resaltar que aparte de ser un evento destinado al consumo local, se llevar\u00e1n a cabo diferentes actividades con las cuales se busca incentivar y atraer clientes, quienes ser\u00e1n los que brinden apoyo a las y los productores, comerciantes y familias que laboran en este mercado al norte de la capital poblana.<\/p>\n\n\n\n<p>Las actividades que se realizar\u00e1n son:<\/p>\n\n\n\n<ul class=\"wp-block-list\">\n<li>Campa\u00f1a de vacunaci\u00f3n para mascotas<\/li>\n\n\n\n<li>Asesor\u00eda Nutricional<\/li>\n\n\n\n<li>Asesor\u00eda de Fisioterapia<\/li>\n\n\n\n<li>M\u00e9dico Contigo<\/li>\n\n\n\n<li>Muestra de Danza Regional<\/li>\n\n\n\n<li>Ballet Folkl\u00f3rico Imperio Azteca.<\/li>\n<\/ul>\n\n\n\n<p>De manera integral y con el apoyo de otras dependencias del gobierno municipal, se impulsa el consumo en los mercados locales, prioridad para el Alcalde Eduardo Rivera P\u00e9rez.<\/p>\n","protected":false},"excerpt":{"rendered":"<p>El Ayuntamiento de Puebla que preside Eduardo Rivera P\u00e9rez, a trav\u00e9s de la Direcci\u00f3n de Mercados de la Secretar\u00eda de Econom\u00eda y Turismo, invita a celebrar el D\u00eda de las Madres este 09 de mayo desde las 10:00 horas en el Mercado La Acocota, ubicado en avenida 6 Oriente 1619, donde habr\u00e1 diversas actividades. La [&hellip;]<\/p>\n","protected":false},"author":4,"featured_media":26037,"comment_status":"open","ping_status":"open","sticky":false,"template":"","format":"standard","meta":{"om_disable_all_campaigns":false,"_monsterinsights_skip_tracking":false,"_monsterinsights_sitenote_active":false,"_monsterinsights_sitenote_note":"","_monsterinsights_sitenote_category":0,"footnotes":""},"categories":[175],"tags":[223],"class_list":["post-26036","post","type-post","status-publish","format-standard","has-post-thumbnail","hentry","category-local","tag-puebla"],"amp_enabled":true,"_links":{"self":[{"href":"https:\/\/lahora.mx\/index.php\/wp-json\/wp\/v2\/posts\/26036","targetHints":{"allow":["GET"]}}],"collection":[{"href":"https:\/\/lahora.mx\/index.php\/wp-json\/wp\/v2\/posts"}],"about":[{"href":"https:\/\/lahora.mx\/index.php\/wp-json\/wp\/v2\/types\/post"}],"author":[{"embeddable":true,"href":"https:\/\/lahora.mx\/index.php\/wp-json\/wp\/v2\/users\/4"}],"replies":[{"embeddable":true,"href":"https:\/\/lahora.mx\/index.php\/wp-json\/wp\/v2\/comments?post=26036"}],"version-history":[{"count":1,"href":"https:\/\/lahora.mx\/index.php\/wp-json\/wp\/v2\/posts\/26036\/revisions"}],"predecessor-version":[{"id":26038,"href":"https:\/\/lahora.mx\/index.php\/wp-json\/wp\/v2\/posts\/26036\/revisions\/26038"}],"wp:featuredmedia":[{"embeddable":true,"href":"https:\/\/lahora.mx\/index.php\/wp-json\/wp\/v2\/media\/26037"}],"wp:attachment":[{"href":"https:\/\/lahora.mx\/index.php\/wp-json\/wp\/v2\/media?parent=26036"}],"wp:term":[{"taxonomy":"category","embeddable":true,"href":"https:\/\/lahora.mx\/index.php\/wp-json\/wp\/v2\/categories?post=26036"},{"taxonomy":"post_tag","embeddable":true,"href":"https:\/\/lahora.mx\/index.php\/wp-json\/wp\/v2\/tags?post=26036"}],"curies":[{"name":"wp","href":"https:\/\/api.w.org\/{rel}","templated":true}]}}