{"id":25967,"date":"2023-05-05T00:20:54","date_gmt":"2023-05-05T00:20:54","guid":{"rendered":"http:\/\/lahora.mx\/?p=25967"},"modified":"2023-05-05T00:20:54","modified_gmt":"2023-05-05T00:20:54","slug":"teep-confirma-violencia-politica-contra-monica-silva","status":"publish","type":"post","link":"https:\/\/lahora.mx\/index.php\/2023\/05\/05\/teep-confirma-violencia-politica-contra-monica-silva\/","title":{"rendered":"TEEP confirma violencia pol\u00edtica contra M\u00f3nica Silva"},"content":{"rendered":"\n<p class=\"wp-block-paragraph\">Los magistrados del Tribunal Electoral del Estado de Puebla (TEEP) resolvieron por unanimidad revocar la resoluci\u00f3n del Instituto Electoral, donde rechazaba violencia de g\u00e9nero en contra de la diputada local M\u00f3nica Silva Ruiz, por expresiones en su contra en algunos medios de comunicaci\u00f3n.<\/p>\n\n\n\n<p class=\"wp-block-paragraph\">Al resolver los juicios TEEP-JDC-33, 34, 35, 36 y 37\/2023 promovidos por M\u00f3nica Silva en su car\u00e1cter de diputada local, para controvertir las resoluciones emitidas por la Comisi\u00f3n Permanente de Quejas y Denuncias del Instituto Electoral del Estado de Puebla (IEE), el trece de marzo, mediante las cuales se pronunci\u00f3 respecto a las medidas cautelares y de protecci\u00f3n solicitadas en los Procedimientos Especiales Sancionadores instaurados por denunciante.<\/p>\n\n\n\n<p class=\"wp-block-paragraph\">El documento final explica que las denuncias de las que derivan las medidas cautelares solicitadas, versan sobre la posible comisi\u00f3n de Violencia Pol\u00edtica en Raz\u00f3n de G\u00e9nero, en contra de la diputada, por parte de diferentes periodistas, columnistas y escritores de distintos medios de comunicaci\u00f3n.<\/p>\n\n\n\n<p class=\"wp-block-paragraph\">En la resoluci\u00f3n se explica que fundamentalmente se juzg\u00f3 con perspectiva de g\u00e9nero, por lo que se debe tomar una determinaci\u00f3n a partir de lo expuesto en las demandas, sin que exista la necesidad de la acreditaci\u00f3n plena de los hechos que plantea, pues se parte de un an\u00e1lisis meramente preliminar, dado que \u00fanicamente se busca asegurar de forma provisional los derechos para evitar un da\u00f1o trascendente.<\/p>\n\n\n\n<p class=\"wp-block-paragraph\">Adem\u00e1s se consider\u00f3 que se actualiz\u00f3 el temor fundado de la afectada respecto a la persistencia en la difusi\u00f3n de expresiones atribuidas a los autores de la nota, por lo que se orden\u00f3 al Instituto que implemente como medida cautelar, el retiro de los enlaces electr\u00f3nicos de las notas denunciadas, as\u00ed como las dem\u00e1s que considere pertinentes.<\/p>\n\n\n\n<p class=\"wp-block-paragraph\">\u201cSe declaran fundados los agravios estudiados en el apartado cuatro de este fallo. Se revoca la resoluci\u00f3n impugnada para los efectos precisados en numeral cinco de la presente sentencia\u00bb.<\/p>\n\n\n\n<p class=\"wp-block-paragraph\">Amonestan a Fuerza por M\u00e9xico<br>A una semana de haber recuperado su registro como partido local, fue sancionado con una amonestaci\u00f3n p\u00fablica en el proceso TEEP-AE-131\/2022 por la omisi\u00f3n de editar una publicaci\u00f3n semestral de car\u00e1cter te\u00f3rico y una trimestral de divulgaci\u00f3n, derivada de la observaci\u00f3n emitida por el INE.<\/p>\n\n\n\n<p class=\"wp-block-paragraph\">En la sesi\u00f3n se propuso declarar la existencia de la conducta denunciada, al existir una resoluci\u00f3n del INE que es firme y definitiva, en la cual se tuvo por acreditada la infracci\u00f3n del Partido Fuerza por M\u00e9xico, adem\u00e1s de que dicho partido acept\u00f3 que no se llevaron a cabo tales publicaciones, al no contar con personal suficiente para cumplir con las obligaciones previstas en materia de fiscalizaci\u00f3n, por lo que se estima conducente imponer una amonestaci\u00f3n p\u00fablica.<\/p>\n","protected":false},"excerpt":{"rendered":"<p>Los magistrados del Tribunal Electoral del Estado de Puebla (TEEP) resolvieron por unanimidad revocar la resoluci\u00f3n del Instituto Electoral, donde rechazaba violencia de g\u00e9nero en contra de la diputada local M\u00f3nica Silva Ruiz, por expresiones en su contra en algunos medios de comunicaci\u00f3n. Al resolver los juicios TEEP-JDC-33, 34, 35, 36 y 37\/2023 promovidos por [&hellip;]<\/p>\n","protected":false},"author":4,"featured_media":25968,"comment_status":"open","ping_status":"open","sticky":false,"template":"","format":"standard","meta":{"om_disable_all_campaigns":false,"_monsterinsights_skip_tracking":false,"footnotes":""},"categories":[176],"tags":[],"class_list":["post-25967","post","type-post","status-publish","format-standard","has-post-thumbnail","hentry","category-nacional"],"amp_enabled":true,"_links":{"self":[{"href":"https:\/\/lahora.mx\/index.php\/wp-json\/wp\/v2\/posts\/25967","targetHints":{"allow":["GET"]}}],"collection":[{"href":"https:\/\/lahora.mx\/index.php\/wp-json\/wp\/v2\/posts"}],"about":[{"href":"https:\/\/lahora.mx\/index.php\/wp-json\/wp\/v2\/types\/post"}],"author":[{"embeddable":true,"href":"https:\/\/lahora.mx\/index.php\/wp-json\/wp\/v2\/users\/4"}],"replies":[{"embeddable":true,"href":"https:\/\/lahora.mx\/index.php\/wp-json\/wp\/v2\/comments?post=25967"}],"version-history":[{"count":1,"href":"https:\/\/lahora.mx\/index.php\/wp-json\/wp\/v2\/posts\/25967\/revisions"}],"predecessor-version":[{"id":25969,"href":"https:\/\/lahora.mx\/index.php\/wp-json\/wp\/v2\/posts\/25967\/revisions\/25969"}],"wp:featuredmedia":[{"embeddable":true,"href":"https:\/\/lahora.mx\/index.php\/wp-json\/wp\/v2\/media\/25968"}],"wp:attachment":[{"href":"https:\/\/lahora.mx\/index.php\/wp-json\/wp\/v2\/media?parent=25967"}],"wp:term":[{"taxonomy":"category","embeddable":true,"href":"https:\/\/lahora.mx\/index.php\/wp-json\/wp\/v2\/categories?post=25967"},{"taxonomy":"post_tag","embeddable":true,"href":"https:\/\/lahora.mx\/index.php\/wp-json\/wp\/v2\/tags?post=25967"}],"curies":[{"name":"wp","href":"https:\/\/api.w.org\/{rel}","templated":true}]}}