{"id":25831,"date":"2023-05-02T16:37:58","date_gmt":"2023-05-02T16:37:58","guid":{"rendered":"http:\/\/lahora.mx\/?p=25831"},"modified":"2023-05-02T22:51:21","modified_gmt":"2023-05-02T22:51:21","slug":"mexico-violento-matamoros-amanece-con-enfrentamientos-y-bloqueos","status":"publish","type":"post","link":"https:\/\/lahora.mx\/index.php\/2023\/05\/02\/mexico-violento-matamoros-amanece-con-enfrentamientos-y-bloqueos\/","title":{"rendered":"Matamoros amanece con enfrentamientos y bloqueos"},"content":{"rendered":"\n<p class=\"wp-block-paragraph\">Este martes 2 de mayo, el municipio de Matamoros, en Tamaulipas, amaneci\u00f3 con balaceras y bloqueos en diferentes puntos de la ciudad, afectando la vialidad y a la ciudadan\u00eda.<\/p>\n\n\n\n<p class=\"wp-block-paragraph\">Esto debido a que delincuentes armados despojaron de sus unidades a transportistas y choferes de autobuses y camiones de basura para colocarlos en las principales avenidas del municipio fronterizo, entre otras a carretera salida a Victoria, 12 de marzo, Emilio Portes Gil, Pedro C\u00e1rdenas y Perif\u00e9rico, reportando que los alumnos de una escuela fueron bajados de la unidad de transporte para utilizarla luego para estos bloqueos, afectando colonias y sectores de la ciudad.<\/p>\n\n\n\n<p class=\"wp-block-paragraph\">Por si fuera poco, el transporte p\u00fablico est\u00e1 suspendido en algunos sectores del municipio, pues a trav\u00e9s de redes sociales, el Centro Regional de Desarrollo Educativo (CREDE), inform\u00f3 que la asistencia de los alumnos a los centros educativos quedaba a consideraci\u00f3n de los padres de familia enviar a sus hijos a las escuelas, algunas escuelas tambi\u00e9n ya han hecho este tipo de anuncios en sus redes sociales.<\/p>\n\n\n\n<p class=\"wp-block-paragraph\">Hasta el momento no hay informaci\u00f3n oficial de las autoridades sobre estos hechos.<\/p>\n\n\n\n<p class=\"wp-block-paragraph\">Esta ma\u00f1ana continuaron los bloqueos con camiones y pipas colocados en las entradas y salidas, as\u00ed como las avenidas Sendero Nacional, Palmares, Avenida del Ni\u00f1o, Marte R. G\u00f3mez.<\/p>\n\n\n\n<p class=\"wp-block-paragraph\">Elementos del Ej\u00e9rcito y la Guardia Nacional realizaron operativo para retirar las unidades y tratar de liberar las v\u00edas de comunicaci\u00f3n.<\/p>\n\n\n\n<p class=\"wp-block-paragraph\">Esto luego que durante el fin de semana se registraran enfrentamientos entre autoridades y grupos delictivos, cuando un comando armado de aproximadamente 40 camionetas de civiles armados fueron interceptados por elementos policiacos, donde fueron abatidos al menos 2 sicarios, y donde se aseguraron armas cartuchos y veh\u00edculos<\/p>\n\n\n\n<p class=\"wp-block-paragraph\">Ola de violencia en Tamaulipas<\/p>\n\n\n\n<p class=\"wp-block-paragraph\">Tono inicio desde el fin de semana largo, cuando fueron cancelados los festejos por el D\u00eda del Ni\u00f1o en Tamaulipas debido a la ola de violencia.<\/p>\n\n\n\n<p class=\"wp-block-paragraph\">De acuerdo con las autoridades, dos presuntos criminales fueron abatidos y se aseguraron diversos veh\u00edculos.<\/p>\n\n\n\n<p class=\"wp-block-paragraph\">En las primeras horas del domingo se reportaron cuatro bloqueos en varios puntos de Matamoros y uno m\u00e1s en el acceso al municipio de Reynosa<\/p>\n\n\n\n<p class=\"wp-block-paragraph\">A las 06.30 horas, se detect\u00f3 un convoy de veh\u00edculos con civiles armados procedentes de Matamoros hacia San Fernando.<\/p>\n\n\n\n<p class=\"wp-block-paragraph\">En el municipio de Cruillas se localiz\u00f3 una camioneta abandonada y ponchada con impactos de bala. En el interior se hallaron un chaleco t\u00e1ctico, cargadores y cartuchos.<\/p>\n\n\n\n<p class=\"wp-block-paragraph\">La Comandancia de la 8a. Zona Militar inform\u00f3 tambi\u00e9n que elementos del 8o. Regimiento de Caballer\u00eda Motorizada en Matamoros aseguraron seis veh\u00edculos en Tamaulipas.<\/p>\n","protected":false},"excerpt":{"rendered":"<p>Este martes 2 de mayo, el municipio de Matamoros, en Tamaulipas, amaneci\u00f3 con balaceras y bloqueos en diferentes puntos de la ciudad, afectando la vialidad y a la ciudadan\u00eda. Esto debido a que delincuentes armados despojaron de sus unidades a transportistas y choferes de autobuses y camiones de basura para colocarlos en las principales avenidas [&hellip;]<\/p>\n","protected":false},"author":4,"featured_media":25833,"comment_status":"open","ping_status":"open","sticky":false,"template":"","format":"standard","meta":{"om_disable_all_campaigns":false,"_monsterinsights_skip_tracking":false,"footnotes":""},"categories":[176],"tags":[],"class_list":["post-25831","post","type-post","status-publish","format-standard","has-post-thumbnail","hentry","category-nacional"],"amp_enabled":true,"_links":{"self":[{"href":"https:\/\/lahora.mx\/index.php\/wp-json\/wp\/v2\/posts\/25831","targetHints":{"allow":["GET"]}}],"collection":[{"href":"https:\/\/lahora.mx\/index.php\/wp-json\/wp\/v2\/posts"}],"about":[{"href":"https:\/\/lahora.mx\/index.php\/wp-json\/wp\/v2\/types\/post"}],"author":[{"embeddable":true,"href":"https:\/\/lahora.mx\/index.php\/wp-json\/wp\/v2\/users\/4"}],"replies":[{"embeddable":true,"href":"https:\/\/lahora.mx\/index.php\/wp-json\/wp\/v2\/comments?post=25831"}],"version-history":[{"count":2,"href":"https:\/\/lahora.mx\/index.php\/wp-json\/wp\/v2\/posts\/25831\/revisions"}],"predecessor-version":[{"id":25834,"href":"https:\/\/lahora.mx\/index.php\/wp-json\/wp\/v2\/posts\/25831\/revisions\/25834"}],"wp:featuredmedia":[{"embeddable":true,"href":"https:\/\/lahora.mx\/index.php\/wp-json\/wp\/v2\/media\/25833"}],"wp:attachment":[{"href":"https:\/\/lahora.mx\/index.php\/wp-json\/wp\/v2\/media?parent=25831"}],"wp:term":[{"taxonomy":"category","embeddable":true,"href":"https:\/\/lahora.mx\/index.php\/wp-json\/wp\/v2\/categories?post=25831"},{"taxonomy":"post_tag","embeddable":true,"href":"https:\/\/lahora.mx\/index.php\/wp-json\/wp\/v2\/tags?post=25831"}],"curies":[{"name":"wp","href":"https:\/\/api.w.org\/{rel}","templated":true}]}}