{"id":25803,"date":"2023-05-01T21:10:31","date_gmt":"2023-05-01T21:10:31","guid":{"rendered":"http:\/\/lahora.mx\/?p=25803"},"modified":"2023-05-01T21:10:32","modified_gmt":"2023-05-01T21:10:32","slug":"jaime-ordiales-deja-su-cargo-como-director-se-selecciones-varoniles","status":"publish","type":"post","link":"https:\/\/lahora.mx\/index.php\/2023\/05\/01\/jaime-ordiales-deja-su-cargo-como-director-se-selecciones-varoniles\/","title":{"rendered":"Jaime Ordiales deja su cargo como director se Selecciones Varoniles"},"content":{"rendered":"\n<p>La Federaci\u00f3n Mexicana de Futbol hizo oficial la salida de Jaime Ordiales de la instituci\u00f3n. El directivo deja el cargo de director de Selecciones Varoniles, puesto al que arrib\u00f3 en julio del 2022 luego de una seguidilla de fracasos en la Copa Oro y en la Liga de Naciones de Concacaf, adem\u00e1s de que en selecciones juveniles no se consigui\u00f3 el pase al Mundial Sub 20, ni a los Juegos Ol\u00edmpicos de Par\u00eds 2024.<\/p>\n\n\n\n<p>De acuerdo con el comunicado emitido por la Femexfut, Ordiales cumpli\u00f3 con el periodo de trabaja acordado con Yon de Luisa, a\u00fan presidente del organismo y Rodrigo Ares de Parga, director ejecutivo de Selecciones Nacionales. Ordiales estuvo involucrado en el Campeonato Sub 17 de la Concacaf y los encuentros clasificatorios para el Final Four, mientras que fue la apuesta de De Luisa para hacerse cargo del resto de los representativos, e incluso trabaj\u00f3 de lleno en la b\u00fasqueda y selecci\u00f3n del nuevo cuerpo t\u00e9cnico del Tricolor, hoy en d\u00eda encabezado por Diego Cocca.<\/p>\n\n\n\n<p>Nuestro reconocimiento por su gran calidad humana, capacidad, profesionalismo y entrega. Le deseamos el mayor de los \u00e9xitos en sus nuevos proyectos\u201d, se lee en el escrito dado a conocer por la Federaci\u00f3n.<\/p>\n\n\n\n<p>La salida de Ordiales trascendi\u00f3 desde diciembre pasado una vez que concluy\u00f3 la participaci\u00f3n de M\u00e9xico en la Copa del Mundo de Qatar, el directivo habr\u00eda puesto sobre la mesa su renuncia al cargo, aunque esta no fue aceptada debido a que se har\u00eda una reestructuraci\u00f3n de todas las categor\u00edas en Selecciones Nacionales.<br>Todo apunta que, en los pr\u00f3ximos d\u00edas, antes de la semifinal entre M\u00e9xico y Estados Unidos en la Liga de Naciones, se d\u00e9 a conocer la llegada de Duilio Davino al cargo que hoy deja Ordiales.<\/p>\n","protected":false},"excerpt":{"rendered":"<p>La Federaci\u00f3n Mexicana de Futbol hizo oficial la salida de Jaime Ordiales de la instituci\u00f3n. El directivo deja el cargo de director de Selecciones Varoniles, puesto al que arrib\u00f3 en julio del 2022 luego de una seguidilla de fracasos en la Copa Oro y en la Liga de Naciones de Concacaf, adem\u00e1s de que en [&hellip;]<\/p>\n","protected":false},"author":4,"featured_media":25804,"comment_status":"open","ping_status":"open","sticky":false,"template":"","format":"standard","meta":{"om_disable_all_campaigns":false,"_monsterinsights_skip_tracking":false,"_monsterinsights_sitenote_active":false,"_monsterinsights_sitenote_note":"","_monsterinsights_sitenote_category":0,"footnotes":""},"categories":[176],"tags":[],"class_list":["post-25803","post","type-post","status-publish","format-standard","has-post-thumbnail","hentry","category-nacional"],"amp_enabled":true,"_links":{"self":[{"href":"https:\/\/lahora.mx\/index.php\/wp-json\/wp\/v2\/posts\/25803","targetHints":{"allow":["GET"]}}],"collection":[{"href":"https:\/\/lahora.mx\/index.php\/wp-json\/wp\/v2\/posts"}],"about":[{"href":"https:\/\/lahora.mx\/index.php\/wp-json\/wp\/v2\/types\/post"}],"author":[{"embeddable":true,"href":"https:\/\/lahora.mx\/index.php\/wp-json\/wp\/v2\/users\/4"}],"replies":[{"embeddable":true,"href":"https:\/\/lahora.mx\/index.php\/wp-json\/wp\/v2\/comments?post=25803"}],"version-history":[{"count":1,"href":"https:\/\/lahora.mx\/index.php\/wp-json\/wp\/v2\/posts\/25803\/revisions"}],"predecessor-version":[{"id":25805,"href":"https:\/\/lahora.mx\/index.php\/wp-json\/wp\/v2\/posts\/25803\/revisions\/25805"}],"wp:featuredmedia":[{"embeddable":true,"href":"https:\/\/lahora.mx\/index.php\/wp-json\/wp\/v2\/media\/25804"}],"wp:attachment":[{"href":"https:\/\/lahora.mx\/index.php\/wp-json\/wp\/v2\/media?parent=25803"}],"wp:term":[{"taxonomy":"category","embeddable":true,"href":"https:\/\/lahora.mx\/index.php\/wp-json\/wp\/v2\/categories?post=25803"},{"taxonomy":"post_tag","embeddable":true,"href":"https:\/\/lahora.mx\/index.php\/wp-json\/wp\/v2\/tags?post=25803"}],"curies":[{"name":"wp","href":"https:\/\/api.w.org\/{rel}","templated":true}]}}