{"id":25770,"date":"2023-05-01T15:52:26","date_gmt":"2023-05-01T15:52:26","guid":{"rendered":"http:\/\/lahora.mx\/?p=25770"},"modified":"2023-05-01T15:52:26","modified_gmt":"2023-05-01T15:52:26","slug":"marcelo-ebrard-exige-definir-reglas-para-candidatura-presidencial","status":"publish","type":"post","link":"https:\/\/lahora.mx\/index.php\/2023\/05\/01\/marcelo-ebrard-exige-definir-reglas-para-candidatura-presidencial\/","title":{"rendered":"Marcelo Ebrard  exige definir reglas para candidatura presidencial"},"content":{"rendered":"\n<p>El secretario de Relaciones Exteriores, Marcelo Ebrard Casaubon, exigi\u00f3 a la dirigencia de Morena que ya convoque a los aspirantes presidenciales para establecer las reglas de la contienda interna y las caracter\u00edsticas de la encuesta que se va a aplicar para la definici\u00f3n de la candidatura rumbo a las elecciones de 2024.<\/p>\n\n\n\n<p>En conferencia de prensa en el marco de su visita al puerto de Veracruz, donde present\u00f3 su libro \u201cEl camino de M\u00e9xico\u201d, el canciller advirti\u00f3 que su partido no puede seguir en la indefinici\u00f3n, por lo que se debe actuar con una actitud democr\u00e1tica y de esa manera descartar cualquier favoritismo hacia alguna de las \u201ccorcholatas\u201d.<\/p>\n\n\n\n<p>\u201cEso de que alguien es favorito es una falta de respeto a la gente, porque a la gente hay que preguntarle. O sea, una de dos, o hay encuesta o hay favorita, no se pueden las dos cosas, y para saber si es favorita pues hay que preguntarle al pueblo, para eso venimos hoy\u201d, enfatiz\u00f3.<\/p>\n\n\n\n<p>Marcelo Ebrard advirti\u00f3 que en Morena \u201cno podemos simular, porque llevamos muchos a\u00f1os combatiendo eso\u201d.<\/p>\n\n\n\n<p>Remarc\u00f3 que se requiere que la encuesta sea de a deveras, ya que el presidente Andr\u00e9s Manuel L\u00f3pez Obrador dijo que no va a haber dedazo, \u201centonces, la encuesta es de a deveras y va, y la vamos a defender, y es obligaci\u00f3n de Morena cumplir eso, y han hecho mutis, diciembre, enero, febrero, marzo, abril, entonces no lo han convocado y yo pienso que eso ya se debe de convocar\u201d.<\/p>\n\n\n\n<p>El canciller insiste en que se lleve a cabo un debate antes de la encuesta, para que los ciudadanos sepan qu\u00e9 piensa cada uno de los aspirantes, porque todos dicen que son cercanos al presidente L\u00f3pez Obrador, pero la gente debe conocer qu\u00e9 proponen.<\/p>\n","protected":false},"excerpt":{"rendered":"<p>El secretario de Relaciones Exteriores, Marcelo Ebrard Casaubon, exigi\u00f3 a la dirigencia de Morena que ya convoque a los aspirantes presidenciales para establecer las reglas de la contienda interna y las caracter\u00edsticas de la encuesta que se va a aplicar para la definici\u00f3n de la candidatura rumbo a las elecciones de 2024. En conferencia de [&hellip;]<\/p>\n","protected":false},"author":4,"featured_media":25771,"comment_status":"open","ping_status":"open","sticky":false,"template":"","format":"standard","meta":{"om_disable_all_campaigns":false,"_monsterinsights_skip_tracking":false,"_monsterinsights_sitenote_active":false,"_monsterinsights_sitenote_note":"","_monsterinsights_sitenote_category":0,"footnotes":""},"categories":[176],"tags":[],"class_list":["post-25770","post","type-post","status-publish","format-standard","has-post-thumbnail","hentry","category-nacional"],"amp_enabled":true,"_links":{"self":[{"href":"https:\/\/lahora.mx\/index.php\/wp-json\/wp\/v2\/posts\/25770","targetHints":{"allow":["GET"]}}],"collection":[{"href":"https:\/\/lahora.mx\/index.php\/wp-json\/wp\/v2\/posts"}],"about":[{"href":"https:\/\/lahora.mx\/index.php\/wp-json\/wp\/v2\/types\/post"}],"author":[{"embeddable":true,"href":"https:\/\/lahora.mx\/index.php\/wp-json\/wp\/v2\/users\/4"}],"replies":[{"embeddable":true,"href":"https:\/\/lahora.mx\/index.php\/wp-json\/wp\/v2\/comments?post=25770"}],"version-history":[{"count":1,"href":"https:\/\/lahora.mx\/index.php\/wp-json\/wp\/v2\/posts\/25770\/revisions"}],"predecessor-version":[{"id":25772,"href":"https:\/\/lahora.mx\/index.php\/wp-json\/wp\/v2\/posts\/25770\/revisions\/25772"}],"wp:featuredmedia":[{"embeddable":true,"href":"https:\/\/lahora.mx\/index.php\/wp-json\/wp\/v2\/media\/25771"}],"wp:attachment":[{"href":"https:\/\/lahora.mx\/index.php\/wp-json\/wp\/v2\/media?parent=25770"}],"wp:term":[{"taxonomy":"category","embeddable":true,"href":"https:\/\/lahora.mx\/index.php\/wp-json\/wp\/v2\/categories?post=25770"},{"taxonomy":"post_tag","embeddable":true,"href":"https:\/\/lahora.mx\/index.php\/wp-json\/wp\/v2\/tags?post=25770"}],"curies":[{"name":"wp","href":"https:\/\/api.w.org\/{rel}","templated":true}]}}