{"id":25755,"date":"2023-05-01T01:22:39","date_gmt":"2023-05-01T01:22:39","guid":{"rendered":"http:\/\/lahora.mx\/?p=25755"},"modified":"2023-05-01T01:22:39","modified_gmt":"2023-05-01T01:22:39","slug":"muere-diputado-petista-mariano-hernandez","status":"publish","type":"post","link":"https:\/\/lahora.mx\/index.php\/2023\/05\/01\/muere-diputado-petista-mariano-hernandez\/","title":{"rendered":"Muere diputado petista Mariano Hern\u00e1ndez"},"content":{"rendered":"\n<p>La tarde de este domingo 30 de abril, se report\u00f3 la muerte del diputado plurinominal del Partido del Trabajo (PT), Mariano Hern\u00e1ndez Reyes, aparentemente de un paro card\u00edaco.<\/p>\n\n\n\n<p>La noticia fue confirmada en redes sociales por el diputado federal petista Gerardo Fern\u00e1ndez Noro\u00f1a, quien envi\u00f3 sus condolencias a los familiares, amigos y militantes del PT.<\/p>\n\n\n\n<p>La noticia fue difundida minutos antes por la diputada federal por el Distrito 14, con cabecera en Acatl\u00e1n de Osorio, Nelly Maceda Carrera.<\/p>\n\n\n\n<p>Fuentes cercanas indicaron que el motivo del deceso del tambi\u00e9n integrante de la Coordinadora Estatal del PT habr\u00eda sido por un paro card\u00edaco.<\/p>\n\n\n\n<p>Asimismo, el presidente del Congreso de Puebla, Eduardo Castillo L\u00f3pez, lament\u00f3 el fallecimiento del legislador petista, pues su partida \u201cdeja un gran vac\u00edo en el \u00e1mbito pol\u00edtico en Puebla\u201d.<\/p>\n\n\n\n<p>Entre sus \u00faltimas actividades al interior del Legislativo, Mariano Hern\u00e1ndez Reyes, cuestion\u00f3 al fiscal Gilberto Higuera Bernal sobre las acciones emprendidas por la Fiscal\u00eda General del Estado (FGE) para garantizar el funcionamiento de los Centros de Reinserci\u00f3n Social (Ceresos).<\/p>\n\n\n\n<p>Adem\u00e1s, Mariano Hern\u00e1ndez fue quien impuls\u00f3 a Lizeth S\u00e1nchez Garc\u00eda, titular de la Secretar\u00eda de Bienestar, como el perfil del PT que tiene m\u00e1s posibilidades para pelear la gubernatura de Puebla en 2024.<\/p>\n\n\n\n<p>Lizeth S\u00e1nchez Garc\u00eda se\u00f1al\u00f3 que el cuerpo del diputado local ser\u00e1 velado esta noche y pidi\u00f3 respeto para los deudos. Agreg\u00f3 que la partida de su amigo es dolorosa y extendi\u00f3 su apoyo a la esposa e hijos de Hern\u00e1ndez Reyes.<\/p>\n","protected":false},"excerpt":{"rendered":"<p>La tarde de este domingo 30 de abril, se report\u00f3 la muerte del diputado plurinominal del Partido del Trabajo (PT), Mariano Hern\u00e1ndez Reyes, aparentemente de un paro card\u00edaco. La noticia fue confirmada en redes sociales por el diputado federal petista Gerardo Fern\u00e1ndez Noro\u00f1a, quien envi\u00f3 sus condolencias a los familiares, amigos y militantes del PT. [&hellip;]<\/p>\n","protected":false},"author":4,"featured_media":25756,"comment_status":"open","ping_status":"open","sticky":false,"template":"","format":"standard","meta":{"om_disable_all_campaigns":false,"_monsterinsights_skip_tracking":false,"_monsterinsights_sitenote_active":false,"_monsterinsights_sitenote_note":"","_monsterinsights_sitenote_category":0,"footnotes":""},"categories":[176],"tags":[195],"class_list":["post-25755","post","type-post","status-publish","format-standard","has-post-thumbnail","hentry","category-nacional","tag-principal"],"amp_enabled":true,"_links":{"self":[{"href":"https:\/\/lahora.mx\/index.php\/wp-json\/wp\/v2\/posts\/25755","targetHints":{"allow":["GET"]}}],"collection":[{"href":"https:\/\/lahora.mx\/index.php\/wp-json\/wp\/v2\/posts"}],"about":[{"href":"https:\/\/lahora.mx\/index.php\/wp-json\/wp\/v2\/types\/post"}],"author":[{"embeddable":true,"href":"https:\/\/lahora.mx\/index.php\/wp-json\/wp\/v2\/users\/4"}],"replies":[{"embeddable":true,"href":"https:\/\/lahora.mx\/index.php\/wp-json\/wp\/v2\/comments?post=25755"}],"version-history":[{"count":1,"href":"https:\/\/lahora.mx\/index.php\/wp-json\/wp\/v2\/posts\/25755\/revisions"}],"predecessor-version":[{"id":25757,"href":"https:\/\/lahora.mx\/index.php\/wp-json\/wp\/v2\/posts\/25755\/revisions\/25757"}],"wp:featuredmedia":[{"embeddable":true,"href":"https:\/\/lahora.mx\/index.php\/wp-json\/wp\/v2\/media\/25756"}],"wp:attachment":[{"href":"https:\/\/lahora.mx\/index.php\/wp-json\/wp\/v2\/media?parent=25755"}],"wp:term":[{"taxonomy":"category","embeddable":true,"href":"https:\/\/lahora.mx\/index.php\/wp-json\/wp\/v2\/categories?post=25755"},{"taxonomy":"post_tag","embeddable":true,"href":"https:\/\/lahora.mx\/index.php\/wp-json\/wp\/v2\/tags?post=25755"}],"curies":[{"name":"wp","href":"https:\/\/api.w.org\/{rel}","templated":true}]}}