{"id":25711,"date":"2023-04-30T17:53:55","date_gmt":"2023-04-30T17:53:55","guid":{"rendered":"http:\/\/lahora.mx\/?p=25711"},"modified":"2023-04-30T17:53:55","modified_gmt":"2023-04-30T17:53:55","slug":"armenta-refrenda-compromiso-con-los-empresarios","status":"publish","type":"post","link":"https:\/\/lahora.mx\/index.php\/2023\/04\/30\/armenta-refrenda-compromiso-con-los-empresarios\/","title":{"rendered":"Armenta refrenda compromiso con los empresarios"},"content":{"rendered":"\n<p class=\"wp-block-paragraph\">En di\u00e1logo con empresarios y acad\u00e9micos, el senador de Morena Alejandro Armenta coincidi\u00f3 con ellos, en seguir impulsando iniciativas que eviten las burocracias excesivas y los tr\u00e1mites administrativos que obstaculizan el emprendimiento de negocios que generan empleos a favor del desarrollo de las y los poblanos, \u201cyo me la juego con ustedes y debemos promover gobiernos inclusivos con empresas inclusivas con planeaci\u00f3n\u201d reiter\u00f3 el poblano.<\/p>\n\n\n\n<p class=\"wp-block-paragraph\">En reuni\u00f3n con los hombres de negocios intercambiaron puntos de vista sobre el papel que Alejandro Armenta desempe\u00f1a como legislador de la C\u00e1mara Alta y el trabajo realizado a trav\u00e9s de iniciativas de ley que ha impulsado en favor de la separaci\u00f3n del poder pol\u00edtico del poder econ\u00f3mico para evitar pr\u00e1cticas de corrupci\u00f3n que frenan el desarrollo empresarial.<\/p>\n\n\n\n<p class=\"wp-block-paragraph\">Alejandro Armenta escuch\u00f3 atentamente a los empresarios y acad\u00e9micos que expusieron la necesidad de trabajar por la seguridad y las condiciones para que el estado siga siendo tierra f\u00e9rtil de las inversiones y el crecimiento econ\u00f3mico con fundamento en la transparencia en el manejo de los recursos p\u00fablicos, la fiscalizaci\u00f3n y la oportunidad de generar sinergias entre los gobiernos y los hombres de negocios con desarrollo sustentable.<\/p>\n\n\n\n<p class=\"wp-block-paragraph\">En ese respecto, el senador Armenta refrend\u00f3 que los empresarios estatales y nacionales son aliados importantes para seguir generando empleos \u201cy como legislador hemos coadyuvado a que las pr\u00e1cticas de corrupci\u00f3n se contrarresten, adem\u00e1s de impulsar la soberan\u00eda energ\u00e9tica para generar riqueza, apoyando proyectos productivos que abatan la pobreza, la marginaci\u00f3n y la vulnerabilidad, de la mano con los empresarios\u201d.<\/p>\n\n\n\n<p class=\"wp-block-paragraph\">A esta reuni\u00f3n asistieron Jos\u00e9 Yitani Maccise, Jos\u00e9 Manuel Rodoreda Artas\u00e1nchez, Francisco Emmelhainz, Antonio S\u00e1nchez D\u00edaz de Rivera, Gabriel Hinojosa, Jos\u00e9 Doger, Alfredo Rivera, Alejandro S\u00e1nchez, Alejandro Fern\u00e1ndez, Rafael Moreno Valle Buitr\u00f3n, Jos\u00e9 Gustavo Rosales Bret\u00f3n, Carlos Yitani, Abraham Tlaiye, Javier Cabanas Gancedo, Jos\u00e9 Luis Pi\u00f1eira, Antonio Yitani, Luis Oberhouser, Oscar Mej\u00eda, Guillermo Contreras, Carlos Ortiz, Alberto Sarda.<\/p>\n","protected":false},"excerpt":{"rendered":"<p>En di\u00e1logo con empresarios y acad\u00e9micos, el senador de Morena Alejandro Armenta coincidi\u00f3 con ellos, en seguir impulsando iniciativas que eviten las burocracias excesivas y los tr\u00e1mites administrativos que obstaculizan el emprendimiento de negocios que generan empleos a favor del desarrollo de las y los poblanos, \u201cyo me la juego con ustedes y debemos promover [&hellip;]<\/p>\n","protected":false},"author":4,"featured_media":25712,"comment_status":"open","ping_status":"open","sticky":false,"template":"","format":"standard","meta":{"om_disable_all_campaigns":false,"_monsterinsights_skip_tracking":false,"footnotes":""},"categories":[175,5],"tags":[128,223],"class_list":["post-25711","post","type-post","status-publish","format-standard","has-post-thumbnail","hentry","category-local","category-politica","tag-politics","tag-puebla"],"amp_enabled":true,"_links":{"self":[{"href":"https:\/\/lahora.mx\/index.php\/wp-json\/wp\/v2\/posts\/25711","targetHints":{"allow":["GET"]}}],"collection":[{"href":"https:\/\/lahora.mx\/index.php\/wp-json\/wp\/v2\/posts"}],"about":[{"href":"https:\/\/lahora.mx\/index.php\/wp-json\/wp\/v2\/types\/post"}],"author":[{"embeddable":true,"href":"https:\/\/lahora.mx\/index.php\/wp-json\/wp\/v2\/users\/4"}],"replies":[{"embeddable":true,"href":"https:\/\/lahora.mx\/index.php\/wp-json\/wp\/v2\/comments?post=25711"}],"version-history":[{"count":1,"href":"https:\/\/lahora.mx\/index.php\/wp-json\/wp\/v2\/posts\/25711\/revisions"}],"predecessor-version":[{"id":25713,"href":"https:\/\/lahora.mx\/index.php\/wp-json\/wp\/v2\/posts\/25711\/revisions\/25713"}],"wp:featuredmedia":[{"embeddable":true,"href":"https:\/\/lahora.mx\/index.php\/wp-json\/wp\/v2\/media\/25712"}],"wp:attachment":[{"href":"https:\/\/lahora.mx\/index.php\/wp-json\/wp\/v2\/media?parent=25711"}],"wp:term":[{"taxonomy":"category","embeddable":true,"href":"https:\/\/lahora.mx\/index.php\/wp-json\/wp\/v2\/categories?post=25711"},{"taxonomy":"post_tag","embeddable":true,"href":"https:\/\/lahora.mx\/index.php\/wp-json\/wp\/v2\/tags?post=25711"}],"curies":[{"name":"wp","href":"https:\/\/api.w.org\/{rel}","templated":true}]}}