{"id":25705,"date":"2023-04-30T17:48:36","date_gmt":"2023-04-30T17:48:36","guid":{"rendered":"http:\/\/lahora.mx\/?p=25705"},"modified":"2023-04-30T17:48:36","modified_gmt":"2023-04-30T17:48:36","slug":"puebla-podria-declarar-alerta-por-violencia-contra-menores","status":"publish","type":"post","link":"https:\/\/lahora.mx\/index.php\/2023\/04\/30\/puebla-podria-declarar-alerta-por-violencia-contra-menores\/","title":{"rendered":"Puebla podr\u00eda declarar alerta por violencia contra menores"},"content":{"rendered":"\n<p>Al celebrarse el D\u00eda del Ni\u00f1o y de la Ni\u00f1a, en Puebla se mantiene la violencia contra los menores, la diputada Aurora Sierra Rodr\u00edguez, advirti\u00f3 que se requiere una reforma a la Ley de los Derechos de las Ni\u00f1as, Ni\u00f1os y Adolescentes del Estado de Puebla donde se podr\u00e1 declarar la alerta en las zonas donde haya mayor n\u00famero de casos.<\/p>\n\n\n\n<p>La legisladora indic\u00f3 que el inter\u00e9s superior de la ni\u00f1ez debe considerado de manera primordial en la toma de decisiones sobre una cuesti\u00f3n debatida que involucre a los menores, principalmente cuando se mantiene la violencia contra ellos.<\/p>\n\n\n\n<p>Coment\u00f3 que present\u00f3 una iniciativa para reformar la Ley con el fin de mejorar el mecanismo por el cual se implementan medidas interinstitucionales de emergencia.<\/p>\n\n\n\n<p>M\u00f3nica Sierra expres\u00f3 que se busca identificar los casos no registrados de menores que sufren alg\u00fan tipo de violencia y que requieren atenci\u00f3n urgente.<\/p>\n\n\n\n<p>Asimismo, explic\u00f3 que se trata de incidir, de la manera m\u00e1s r\u00e1pida posible, en la disminuci\u00f3n de las actitudes violentas por parte de los padres, madres o quienes ejerzan la tutela, respetando su derecho a la parentalidad asistida.<\/p>\n\n\n\n<p>\u00abCon la reforma se habr\u00e1 de permitir a las familias el r\u00e1pido acceso a servicios gratuitos por parte de instituciones p\u00fablicas, que permitan superar la situaci\u00f3n de violencia en que vivan y sus efectos en las ni\u00f1as, ni\u00f1os y adolescentes\u00bb.<\/p>\n\n\n\n<p>La legisladora por el Partido Acci\u00f3n Nacional (PAN), indic\u00f3 que al aprobarse la reforma, se promover\u00e1 de forma intensiva entre las familias y la comunidad de la zona en que se declare la alerta, el conocimiento de los derechos de las ni\u00f1as, ni\u00f1os y adolescentes; los tipos de violencia y sus consecuencias.<\/p>\n\n\n\n<p>Oro punto ser\u00e1n los servicios an\u00f3nimos de denuncia o reporte y la oferta de servicios legales, m\u00e9dicos, psicol\u00f3gicos, educativos, capacitaci\u00f3n para el trabajo y cualquier otro que, de manera gratuita o a bajo costo, ofrezcan las autoridades estatales o municipales.<\/p>\n\n\n\n<p>Causas de la alerta<br>De acuerdo a la ley, \u201cLa Alerta de Atenci\u00f3n Focalizada para Ni\u00f1as, Ni\u00f1os y Adolescentes se activar\u00e1 en los siguientes casos: I. Cuando se observe el incremento desproporcionado de delitos del fuero com\u00fan contra la vida, la libertad, seguridad e integridad de las ni\u00f1as, ni\u00f1os y adolescentes, en un \u00e1rea geogr\u00e1fica determinada\u201d.<\/p>\n\n\n\n<p>Adem\u00e1s se proceder\u00e1 con la medida \u201cCuando de la informaci\u00f3n obtenida a trav\u00e9s de instituciones p\u00fablicas o privadas, estatales o municipales, en materia de salud, educaci\u00f3n, seguridad p\u00fablica, procuraci\u00f3n e impartici\u00f3n de justicia, se aprecien indicios de posible vulneraci\u00f3n exponencial a los derechos de las ni\u00f1as, ni\u00f1os y adolescentes en un \u00e1rea geogr\u00e1fica determinada\u00bb.<\/p>\n\n\n\n<p>Se\u00f1al\u00f3 que corresponder\u00e1 a la Procuradur\u00eda de Protecci\u00f3n de Ni\u00f1as, Ni\u00f1os y Adolescentes del Estado de Puebla, solicitar al Sistema Estatal DIF su opini\u00f3n para la emisi\u00f3n de la alerta. La solicitud puede ser de oficio o a petici\u00f3n de una o m\u00e1s defensor\u00edas municipales presentada ante la Procuradur\u00eda de Protecci\u00f3n.<\/p>\n","protected":false},"excerpt":{"rendered":"<p>Al celebrarse el D\u00eda del Ni\u00f1o y de la Ni\u00f1a, en Puebla se mantiene la violencia contra los menores, la diputada Aurora Sierra Rodr\u00edguez, advirti\u00f3 que se requiere una reforma a la Ley de los Derechos de las Ni\u00f1as, Ni\u00f1os y Adolescentes del Estado de Puebla donde se podr\u00e1 declarar la alerta en las zonas [&hellip;]<\/p>\n","protected":false},"author":4,"featured_media":25706,"comment_status":"open","ping_status":"open","sticky":false,"template":"","format":"standard","meta":{"om_disable_all_campaigns":false,"_monsterinsights_skip_tracking":false,"_monsterinsights_sitenote_active":false,"_monsterinsights_sitenote_note":"","_monsterinsights_sitenote_category":0,"footnotes":""},"categories":[175],"tags":[195,223],"class_list":["post-25705","post","type-post","status-publish","format-standard","has-post-thumbnail","hentry","category-local","tag-principal","tag-puebla"],"amp_enabled":true,"_links":{"self":[{"href":"https:\/\/lahora.mx\/index.php\/wp-json\/wp\/v2\/posts\/25705","targetHints":{"allow":["GET"]}}],"collection":[{"href":"https:\/\/lahora.mx\/index.php\/wp-json\/wp\/v2\/posts"}],"about":[{"href":"https:\/\/lahora.mx\/index.php\/wp-json\/wp\/v2\/types\/post"}],"author":[{"embeddable":true,"href":"https:\/\/lahora.mx\/index.php\/wp-json\/wp\/v2\/users\/4"}],"replies":[{"embeddable":true,"href":"https:\/\/lahora.mx\/index.php\/wp-json\/wp\/v2\/comments?post=25705"}],"version-history":[{"count":1,"href":"https:\/\/lahora.mx\/index.php\/wp-json\/wp\/v2\/posts\/25705\/revisions"}],"predecessor-version":[{"id":25707,"href":"https:\/\/lahora.mx\/index.php\/wp-json\/wp\/v2\/posts\/25705\/revisions\/25707"}],"wp:featuredmedia":[{"embeddable":true,"href":"https:\/\/lahora.mx\/index.php\/wp-json\/wp\/v2\/media\/25706"}],"wp:attachment":[{"href":"https:\/\/lahora.mx\/index.php\/wp-json\/wp\/v2\/media?parent=25705"}],"wp:term":[{"taxonomy":"category","embeddable":true,"href":"https:\/\/lahora.mx\/index.php\/wp-json\/wp\/v2\/categories?post=25705"},{"taxonomy":"post_tag","embeddable":true,"href":"https:\/\/lahora.mx\/index.php\/wp-json\/wp\/v2\/tags?post=25705"}],"curies":[{"name":"wp","href":"https:\/\/api.w.org\/{rel}","templated":true}]}}