{"id":25699,"date":"2023-04-30T17:43:09","date_gmt":"2023-04-30T17:43:09","guid":{"rendered":"http:\/\/lahora.mx\/?p=25699"},"modified":"2023-04-30T17:44:03","modified_gmt":"2023-04-30T17:44:03","slug":"julio-huerta-es-nombrado-como-coordinador-de-claudia-sheinbaum-en-puebla","status":"publish","type":"post","link":"https:\/\/lahora.mx\/index.php\/2023\/04\/30\/julio-huerta-es-nombrado-como-coordinador-de-claudia-sheinbaum-en-puebla\/","title":{"rendered":"Julio Huerta es nombrado como coordinador de Claudia Sheinbaum en Puebla"},"content":{"rendered":"\n<p>El secretario de Gobernaci\u00f3n estatal, Julio Huerta G\u00f3mez, anunci\u00f3 que la jefa de Gobierno de Ciudad de M\u00e9xico, Claudia Sheinbaum Pardo, lo nombr\u00f3 el coordinador de su proyecto en Puebla.<\/p>\n\n\n\n<p>La noticia fue revelada durante el encuentro \u201cJuventudes Hoy\u201d que se llev\u00f3 a cabo en el Auditorio Metropolitano de Puebla, con la asistencia de cientos de personas.<\/p>\n\n\n\n<p>\u201cTuve el privilegio de encabezar el encuentro \u00b4Juventudes Hoy\u00b4, en donde anunci\u00e9 el honor que me concedi\u00f3 la doctora Claudia Sheinbaum al nombrarme su coordinador en Puebla. Resalt\u00e9 la importancia de darle voz a las y los j\u00f3venes, no s\u00f3lo de nuestro estado, del pa\u00eds entero, porque en ellos est\u00e1 el futuro de M\u00e9xico\u201d, expres\u00f3 en sus redes sociales.<\/p>\n\n\n\n<p>Huerta G\u00f3mez dijo que solamente trabajar\u00e1 los fines de semana en esta actividad, adem\u00e1s de que recibi\u00f3 el nombramiento de la morenista hace dos semanas.<\/p>\n\n\n\n<p>Claudia Sheinbaum Pardo es una de las aspirantes a la candidatura presidencial del Movimiento Regeneraci\u00f3n Nacional (Morena), que deber\u00e1 definirse a trav\u00e9s de encuestas. Los otros dos \u201cpresidenciables\u201d son los secretarios de Relaciones Exteriores y de Gobernaci\u00f3n, Marcelo Ebrard Casaub\u00f3n y Ad\u00e1n Augusto L\u00f3pez Hern\u00e1ndez, respectivamente.<\/p>\n","protected":false},"excerpt":{"rendered":"<p>El secretario de Gobernaci\u00f3n estatal, Julio Huerta G\u00f3mez, anunci\u00f3 que la jefa de Gobierno de Ciudad de M\u00e9xico, Claudia Sheinbaum Pardo, lo nombr\u00f3 el coordinador de su proyecto en Puebla. La noticia fue revelada durante el encuentro \u201cJuventudes Hoy\u201d que se llev\u00f3 a cabo en el Auditorio Metropolitano de Puebla, con la asistencia de cientos [&hellip;]<\/p>\n","protected":false},"author":4,"featured_media":25700,"comment_status":"open","ping_status":"open","sticky":false,"template":"","format":"standard","meta":{"om_disable_all_campaigns":false,"_monsterinsights_skip_tracking":false,"_monsterinsights_sitenote_active":false,"_monsterinsights_sitenote_note":"","_monsterinsights_sitenote_category":0,"footnotes":""},"categories":[175],"tags":[128,195,223],"class_list":["post-25699","post","type-post","status-publish","format-standard","has-post-thumbnail","hentry","category-local","tag-politics","tag-principal","tag-puebla"],"amp_enabled":true,"_links":{"self":[{"href":"https:\/\/lahora.mx\/index.php\/wp-json\/wp\/v2\/posts\/25699","targetHints":{"allow":["GET"]}}],"collection":[{"href":"https:\/\/lahora.mx\/index.php\/wp-json\/wp\/v2\/posts"}],"about":[{"href":"https:\/\/lahora.mx\/index.php\/wp-json\/wp\/v2\/types\/post"}],"author":[{"embeddable":true,"href":"https:\/\/lahora.mx\/index.php\/wp-json\/wp\/v2\/users\/4"}],"replies":[{"embeddable":true,"href":"https:\/\/lahora.mx\/index.php\/wp-json\/wp\/v2\/comments?post=25699"}],"version-history":[{"count":1,"href":"https:\/\/lahora.mx\/index.php\/wp-json\/wp\/v2\/posts\/25699\/revisions"}],"predecessor-version":[{"id":25701,"href":"https:\/\/lahora.mx\/index.php\/wp-json\/wp\/v2\/posts\/25699\/revisions\/25701"}],"wp:featuredmedia":[{"embeddable":true,"href":"https:\/\/lahora.mx\/index.php\/wp-json\/wp\/v2\/media\/25700"}],"wp:attachment":[{"href":"https:\/\/lahora.mx\/index.php\/wp-json\/wp\/v2\/media?parent=25699"}],"wp:term":[{"taxonomy":"category","embeddable":true,"href":"https:\/\/lahora.mx\/index.php\/wp-json\/wp\/v2\/categories?post=25699"},{"taxonomy":"post_tag","embeddable":true,"href":"https:\/\/lahora.mx\/index.php\/wp-json\/wp\/v2\/tags?post=25699"}],"curies":[{"name":"wp","href":"https:\/\/api.w.org\/{rel}","templated":true}]}}