{"id":25652,"date":"2023-04-28T23:02:40","date_gmt":"2023-04-28T23:02:40","guid":{"rendered":"http:\/\/lahora.mx\/?p=25652"},"modified":"2023-04-28T23:02:40","modified_gmt":"2023-04-28T23:02:40","slug":"tras-caida-de-ceniza-del-popocatepetl-aeropuerto-de-puebla-suspende-vuelos","status":"publish","type":"post","link":"https:\/\/lahora.mx\/index.php\/2023\/04\/28\/tras-caida-de-ceniza-del-popocatepetl-aeropuerto-de-puebla-suspende-vuelos\/","title":{"rendered":"Tras ca\u00edda de ceniza del Popocat\u00e9petl aeropuerto de Puebla suspende vuelos"},"content":{"rendered":"\n<p>El gobernador Sergio Salom\u00f3n C\u00e9spedes alert\u00f3 a la poblaci\u00f3n que el Aeropuerto Internacional Hermanos Serd\u00e1n de Puebla suspendi\u00f3 vuelos debido a la ca\u00edda de ceniza del volc\u00e1n Popocat\u00e9petl, ya que se realizar\u00e1n labores de limpieza en la pista donde aterrizan y despegan los aviones.<\/p>\n\n\n\n<p>Sergio Salom\u00f3n C\u00e9spedes se\u00f1al\u00f3 que fue Protecci\u00f3n Civil (PC) de Puebla quien le inform\u00f3 de la presencia de ceniza volc\u00e1nica en la zona del Aeropuerto de Puebla, por lo que todas las actividades relacionadas a los vuelos estar\u00e1n suspendidas hasta las 14:00 horas del d\u00eda de hoy.<\/p>\n\n\n\n<p>Fue a trav\u00e9s de una publicaci\u00f3n de Twitter que el gobernador de Puebla alert\u00f3 a la poblaci\u00f3n sobre las actividades de limpieza que se realizar\u00e1n en el Aeropuerto del estado a causa de la ca\u00edda de ceniza del volc\u00e1n Popocat\u00e9petl<\/p>\n\n\n\n<p>Al mismo tiempo, PC de Puebla mencion\u00f3 que desde las 8:00 de la ma\u00f1ana de hoy, el Aeropuerto de Puebla ha realizado labores de limpieza en la pista de aterrizaje y despegue, las cuales terminar\u00e1n hasta las 14:00 horas<\/p>\n\n\n\n<p>De acuerdo con el reporte del Centro Nacional de Prevenci\u00f3n de Desastres (CENAPRED), compartido por PC de Puebla, este viernes 28 de abril se registraron 109 exhalaciones, 266 minutos de tremor, 2 explosiones menores y una explosi\u00f3n moderada del volc\u00e1n Popocat\u00e9petl.<\/p>\n\n\n\n<p>El sem\u00e1foro de alerta volc\u00e1nica se mantiene en amarillo fase 2, y CENAPRED exhort\u00f3 a la poblaci\u00f3n a no acerarse a la zona del volc\u00e1n para evitar alg\u00fan accidente que pueda poner en riesgo la salud e integridad de las personas.<\/p>\n\n\n\n<p>De este modo, hoy en el Aeropuerto de Puebla se suspender\u00e1n las actividades debido a la limpieza de la ceniza que se encuentra en la pista de aterrizaje y despegue. Se espera que a partir de las 14:00 horas se reanuden los vuelos.<\/p>\n","protected":false},"excerpt":{"rendered":"<p>El gobernador Sergio Salom\u00f3n C\u00e9spedes alert\u00f3 a la poblaci\u00f3n que el Aeropuerto Internacional Hermanos Serd\u00e1n de Puebla suspendi\u00f3 vuelos debido a la ca\u00edda de ceniza del volc\u00e1n Popocat\u00e9petl, ya que se realizar\u00e1n labores de limpieza en la pista donde aterrizan y despegan los aviones. Sergio Salom\u00f3n C\u00e9spedes se\u00f1al\u00f3 que fue Protecci\u00f3n Civil (PC) de Puebla [&hellip;]<\/p>\n","protected":false},"author":4,"featured_media":25656,"comment_status":"open","ping_status":"open","sticky":false,"template":"","format":"standard","meta":{"om_disable_all_campaigns":false,"_monsterinsights_skip_tracking":false,"_monsterinsights_sitenote_active":false,"_monsterinsights_sitenote_note":"","_monsterinsights_sitenote_category":0,"footnotes":""},"categories":[175],"tags":[195,223],"class_list":["post-25652","post","type-post","status-publish","format-standard","has-post-thumbnail","hentry","category-local","tag-principal","tag-puebla"],"amp_enabled":true,"_links":{"self":[{"href":"https:\/\/lahora.mx\/index.php\/wp-json\/wp\/v2\/posts\/25652","targetHints":{"allow":["GET"]}}],"collection":[{"href":"https:\/\/lahora.mx\/index.php\/wp-json\/wp\/v2\/posts"}],"about":[{"href":"https:\/\/lahora.mx\/index.php\/wp-json\/wp\/v2\/types\/post"}],"author":[{"embeddable":true,"href":"https:\/\/lahora.mx\/index.php\/wp-json\/wp\/v2\/users\/4"}],"replies":[{"embeddable":true,"href":"https:\/\/lahora.mx\/index.php\/wp-json\/wp\/v2\/comments?post=25652"}],"version-history":[{"count":1,"href":"https:\/\/lahora.mx\/index.php\/wp-json\/wp\/v2\/posts\/25652\/revisions"}],"predecessor-version":[{"id":25657,"href":"https:\/\/lahora.mx\/index.php\/wp-json\/wp\/v2\/posts\/25652\/revisions\/25657"}],"wp:featuredmedia":[{"embeddable":true,"href":"https:\/\/lahora.mx\/index.php\/wp-json\/wp\/v2\/media\/25656"}],"wp:attachment":[{"href":"https:\/\/lahora.mx\/index.php\/wp-json\/wp\/v2\/media?parent=25652"}],"wp:term":[{"taxonomy":"category","embeddable":true,"href":"https:\/\/lahora.mx\/index.php\/wp-json\/wp\/v2\/categories?post=25652"},{"taxonomy":"post_tag","embeddable":true,"href":"https:\/\/lahora.mx\/index.php\/wp-json\/wp\/v2\/tags?post=25652"}],"curies":[{"name":"wp","href":"https:\/\/api.w.org\/{rel}","templated":true}]}}